{"id":1659,"date":"2020-09-06T02:16:33","date_gmt":"2020-09-06T00:16:33","guid":{"rendered":"https:\/\/blog.telenuovo.it\/nino-gazzini\/?p=1659"},"modified":"2020-09-06T02:16:33","modified_gmt":"2020-09-06T00:16:33","slug":"alle-due-eran-le-due-in-punto-della-notte","status":"publish","type":"post","link":"https:\/\/blog.telenuovo.it\/nino-gazzini\/2020\/09\/06\/alle-due-eran-le-due-in-punto-della-notte\/","title":{"rendered":"ALLE DUE. ERAN LE DUE IN PUNTO DELLA NOTTE&#8230;"},"content":{"rendered":"<p>Il titolo del Topic \u00e8 una vergognosa imitazione dell&#8217;incipit della celeberrima poesia di F.G. Lorca : &#8220;Lamento per Ignacio S\u00e0nchez&#8221; un torero amato da Lorca sebbene non fosse considerato tra i migliori (Joselito e Belmonte i mitici) toreri spagnoli della vecchia scuola. Era uomo di vasta cultura e con interessi in molti campi, era anche un mecenate. Nel toreare era molto audace ed amante del rischio, aspettava spesso il toro inginocchiato per terra, o eseguiva anche figure inedite rispetto alle rigorose regole della Tauromachia Hispanica.\u00a0 Fin\u00ec incornato dal toro &#8220;Granadino&#8221;, descritto come piccolo, mite e longilineo.<\/p>\n<p>E fin qui ci siamo.<\/p>\n<p>Sfinito da una settimana in cui non dormo, dormo male, o mi addormento seduto sul divano svegliandomi alle nove o alle dieci del mattino, a causa dell&#8217;urlo di un telecronista per un gol o un canestro di LeBRON James, mi guardo intorno stranito, quasi non riconoscendo la mia casa, e s\u00ec come uno zombie mi dirigo dove dovrebbe essere la camera da letto, dove talora mi addormento (&#8230;) vestito.<br \/>\nIeri, a tarda sera, ho detto basta!<br \/>\nSono andato dal dottor Google per vedere quali suggerimenti potesse darmi.<br \/>\nNe ho trovato uno solo immediatamente applicabile: fare un bagno caldo per una ventina di minuti.<br \/>\nTiro fuori l&#8217;accappatoio gigante, doppia spugna, regalo di non ricordo chi, ma doveva essere una snob perch\u00e8 \u00e8 senza tasche, con un solo taschino ricamato dove nelle giacche qualcuno mette il fazzoletto.<br \/>\nDove metto l&#8217;accapatoio per indossarlo subito e non bagnare per terra, che se bagno devo asciugare e il dottor Google ha detto che usciti dall&#8217;acqua NON SI DEVE FAR NULLA DI IMPEGNATIVO (asciugare il pavimento lo \u00e8, almeno per me). Indossare l&#8217;accappatoione con cappuccione alla KuKluxKlan e infilarsi a letto senza indugio, ancora tiepidi e togliersi l&#8217;accappatoione quando si \u00e8 gi\u00e0 per met\u00e0 (??) gi\u00e0 a letto.<br \/>\nL&#8217;acqua \u00e8 pronta, temperatissima, ma dove cassso metto sto accappatoio il pi\u00f9 vicino alla vasca: osti, la mensola sopra la vasca, logico.<br \/>\nFatto, mi giro a cercare il bagnoschiuma, quando sento uno strano suono che fa all&#8217;incirca cos\u00ec: SCIANF&#8230;<\/p>\n<p>Cosa poteva mai essere? (un CD raro a chi indovina)<\/p>\n<p>P.s.<\/p>\n<p>Questo non \u00e8 IL prossimo Topic, ma uno scaldapolpastrelli, il riadattamento corposo di un vecchio Topic.<\/p>\n<p>P.P.s.s.<\/p>\n<p>Ma voi esseri abbietti che state leggendo non sarete mica quelli della specie che si \u00e8 evoluta e dorme dapertuttoanchesuunasedia?!<\/p>\n<p>Mentre io, che mi considero evolutissimo, ho ancora i timori notturni dei primi ominidi che dormivano su stretti spuntoni di roccia per evitare le belve notturne.<\/p>\n<p>Non ridete, \u00e8 scienza psico-antropologica. Si ritiene infatti che gli attacchi di immobilit\u00e0 notturna in cui non riesci a muoverti, possano essere un residuo di una facolt\u00e0 cerebrale che immobilizzava gli ominidi per non cadere nei burroni.<\/p>\n<p>Da oltre cinquantanni io dormo spesso di fianco sul limite estremo del letto e non sono MAI caduto.<\/p>\n<p>A presto, prestissimo.<\/p>\n<p>&nbsp;<\/p>\n<p>&nbsp;<\/p>\n","protected":false},"excerpt":{"rendered":"<p>Il titolo del Topic \u00e8 una vergognosa imitazione dell&#8217;incipit della celeberrima poesia di F.G. Lorca : &#8220;Lamento per Ignacio S\u00e0nchez&#8221; un torero amato da Lorca sebbene non fosse considerato tra i migliori (Joselito e Belmonte i mitici) toreri spagnoli della vecchia scuola. Era uomo di vasta cultura e con interessi in molti campi, era anche&#8230;  <a class=\"excerpt-read-more\" href=\"https:\/\/blog.telenuovo.it\/nino-gazzini\/2020\/09\/06\/alle-due-eran-le-due-in-punto-della-notte\/\" title=\"Read ALLE DUE. ERAN LE DUE IN PUNTO DELLA NOTTE&#8230;\">Leggi tutto &raquo;<\/a><\/p>\n","protected":false},"author":8,"featured_media":0,"comment_status":"open","ping_status":"open","sticky":false,"template":"","format":"standard","meta":[],"categories":[1],"tags":[],"_links":{"self":[{"href":"https:\/\/blog.telenuovo.it\/nino-gazzini\/wp-json\/wp\/v2\/posts\/1659"}],"collection":[{"href":"https:\/\/blog.telenuovo.it\/nino-gazzini\/wp-json\/wp\/v2\/posts"}],"about":[{"href":"https:\/\/blog.telenuovo.it\/nino-gazzini\/wp-json\/wp\/v2\/types\/post"}],"author":[{"embeddable":true,"href":"https:\/\/blog.telenuovo.it\/nino-gazzini\/wp-json\/wp\/v2\/users\/8"}],"replies":[{"embeddable":true,"href":"https:\/\/blog.telenuovo.it\/nino-gazzini\/wp-json\/wp\/v2\/comments?post=1659"}],"version-history":[{"count":1,"href":"https:\/\/blog.telenuovo.it\/nino-gazzini\/wp-json\/wp\/v2\/posts\/1659\/revisions"}],"predecessor-version":[{"id":1660,"href":"https:\/\/blog.telenuovo.it\/nino-gazzini\/wp-json\/wp\/v2\/posts\/1659\/revisions\/1660"}],"wp:attachment":[{"href":"https:\/\/blog.telenuovo.it\/nino-gazzini\/wp-json\/wp\/v2\/media?parent=1659"}],"wp:term":[{"taxonomy":"category","embeddable":true,"href":"https:\/\/blog.telenuovo.it\/nino-gazzini\/wp-json\/wp\/v2\/categories?post=1659"},{"taxonomy":"post_tag","embeddable":true,"href":"https:\/\/blog.telenuovo.it\/nino-gazzini\/wp-json\/wp\/v2\/tags?post=1659"}],"curies":[{"name":"wp","href":"https:\/\/api.w.org\/{rel}","templated":true}]}}