{"id":1702,"date":"2020-12-18T05:44:57","date_gmt":"2020-12-18T04:44:57","guid":{"rendered":"https:\/\/blog.telenuovo.it\/nino-gazzini\/?p=1702"},"modified":"2020-12-18T05:44:57","modified_gmt":"2020-12-18T04:44:57","slug":"nescit-vox-missa-reverti","status":"publish","type":"post","link":"https:\/\/blog.telenuovo.it\/nino-gazzini\/2020\/12\/18\/nescit-vox-missa-reverti\/","title":{"rendered":"NESCIT VOX MISSA REVERTI"},"content":{"rendered":"<p>La parola pronunciata non pu\u00f2 (non sa) tornare indieto (Orazio, gran conoscitor dello strazio uman, dixit).<\/p>\n<p>&#8220;E&#8217; tempo che gli italiani si dichiarino FRANCAMENTE (?!?) RAZZISTI etc.etc.&#8221; (da La Difesa della razza, 1938)<\/p>\n<p>Emb\u00e8, hai visto mai che novit\u00e0.<\/p>\n<p>Poi sempre quelli (&#8230;) usarono pure i manicomi per liquidare gli &#8220;anti&#8221; (e le amanti scomode).<\/p>\n<p>Uno dice (e c&#8217;\u00e8 chi lo dice!) ma i nazisti fecero un VERO PROGRAMMA &#8211; oh tedeschi erano &#8211; per eliminare i disabili, mentali e non solo, vuoi mettere!<\/p>\n<p>Per carit\u00e0 mai!<\/p>\n<p>E adesso veniamo ai &#8220;minus quam&#8221;.<\/p>\n<p>Il Guzzini, presidente della Confindustri marchigiana se n&#8217;\u00e8 uscito con una frase, ma \u00e8 un concetto in realt\u00e0, &#8220;La gente \u00e8 stanca (delle restrizioni per il Covid n.d.G) PAZIENZA (!!) se QUALCUNO MUORE&#8230;&#8221;.<\/p>\n<p>La Confindustria nazionale, col &#8220;duro&#8221; neo Presidente Bonomi, non poteva permettersi una tale licenza poetica.<\/p>\n<p>Quindi?<\/p>\n<p>Guzzini: &#8220;foer dale bal!&#8221;, torna nella tua azienda di prodotti di &#8220;alto arredamento&#8221; (chiss\u00e0 il Guzzini come cazz s&#8217;arreda).<\/p>\n<p>Ma, ma, ma&#8230;<\/p>\n<p>Siamo\/siete sicuri che il &#8220;pensiero guzziniano&#8221; sia un caso isolato?<\/p>\n<p>Personalmente non lo credo.<\/p>\n<p>Che diamine, che sar\u00e0 mai un po&#8217; (un po&#8217;!?) di pulizia anagrafica?<\/p>\n<p>Un altro dice: &#8220;Gazza, in fin dei conti tu temi il Covid perch\u00e8 hai una\/due patologie concomitanti\/aggravanti e per questo t&#8217;incazzi&#8230;&#8221;.<\/p>\n<p>A parte che le mie concomitanti patologie si trovano al sesto posto della graduatoria &#8220;aggravante&#8221;, ma in sostanza che mi frega di essere &#8220;aggravato&#8221;?<\/p>\n<p>Sostanzialmente nulla!<\/p>\n<p>Molto mi preoccupa di essere &#8220;concomitante&#8221; con degli amorali, che non chiamer\u00f2 Baluba per rispetto di una nobile etnia Bantu dell&#8217;Africa occidentale, questo s\u00ec mi preoccupa e deprime Hostjiia!<\/p>\n<p>E voi pensate ci\u00f2 che meglio credete.<\/p>\n<p>&nbsp;<\/p>\n<p>P.s.<\/p>\n<p>E se il Covid non leggesse, come pare, la carta d&#8217;identit\u00e0?<\/p>\n<p>Cazzi amari.<\/p>\n<p>My God!<\/p>\n<p>Che scurrile mi diventa &#8216;sto Gazza&#8230;<\/p>\n<p>Pazienza&#8230; come dice il Guzzini.<\/p>\n","protected":false},"excerpt":{"rendered":"<p>La parola pronunciata non pu\u00f2 (non sa) tornare indieto (Orazio, gran conoscitor dello strazio uman, dixit). &#8220;E&#8217; tempo che gli italiani si dichiarino FRANCAMENTE (?!?) RAZZISTI etc.etc.&#8221; (da La Difesa della razza, 1938) Emb\u00e8, hai visto mai che novit\u00e0. Poi sempre quelli (&#8230;) usarono pure i manicomi per liquidare gli &#8220;anti&#8221; (e le amanti scomode)&#8230;.  <a class=\"excerpt-read-more\" href=\"https:\/\/blog.telenuovo.it\/nino-gazzini\/2020\/12\/18\/nescit-vox-missa-reverti\/\" title=\"Read NESCIT VOX MISSA REVERTI\">Leggi tutto &raquo;<\/a><\/p>\n","protected":false},"author":8,"featured_media":0,"comment_status":"open","ping_status":"open","sticky":false,"template":"","format":"standard","meta":[],"categories":[1],"tags":[],"_links":{"self":[{"href":"https:\/\/blog.telenuovo.it\/nino-gazzini\/wp-json\/wp\/v2\/posts\/1702"}],"collection":[{"href":"https:\/\/blog.telenuovo.it\/nino-gazzini\/wp-json\/wp\/v2\/posts"}],"about":[{"href":"https:\/\/blog.telenuovo.it\/nino-gazzini\/wp-json\/wp\/v2\/types\/post"}],"author":[{"embeddable":true,"href":"https:\/\/blog.telenuovo.it\/nino-gazzini\/wp-json\/wp\/v2\/users\/8"}],"replies":[{"embeddable":true,"href":"https:\/\/blog.telenuovo.it\/nino-gazzini\/wp-json\/wp\/v2\/comments?post=1702"}],"version-history":[{"count":1,"href":"https:\/\/blog.telenuovo.it\/nino-gazzini\/wp-json\/wp\/v2\/posts\/1702\/revisions"}],"predecessor-version":[{"id":1703,"href":"https:\/\/blog.telenuovo.it\/nino-gazzini\/wp-json\/wp\/v2\/posts\/1702\/revisions\/1703"}],"wp:attachment":[{"href":"https:\/\/blog.telenuovo.it\/nino-gazzini\/wp-json\/wp\/v2\/media?parent=1702"}],"wp:term":[{"taxonomy":"category","embeddable":true,"href":"https:\/\/blog.telenuovo.it\/nino-gazzini\/wp-json\/wp\/v2\/categories?post=1702"},{"taxonomy":"post_tag","embeddable":true,"href":"https:\/\/blog.telenuovo.it\/nino-gazzini\/wp-json\/wp\/v2\/tags?post=1702"}],"curies":[{"name":"wp","href":"https:\/\/api.w.org\/{rel}","templated":true}]}}