{"id":1728,"date":"2021-02-25T18:19:20","date_gmt":"2021-02-25T17:19:20","guid":{"rendered":"https:\/\/blog.telenuovo.it\/nino-gazzini\/?p=1728"},"modified":"2021-02-25T18:19:54","modified_gmt":"2021-02-25T17:19:54","slug":"senza-titoli","status":"publish","type":"post","link":"https:\/\/blog.telenuovo.it\/nino-gazzini\/2021\/02\/25\/senza-titoli\/","title":{"rendered":"SENZA TITOLI"},"content":{"rendered":"<p>&nbsp;<\/p>\n<p>In dodici anni di vita di questo piccolo spazio di chiacchere, pi\u00f9 o meno interessanti, \u00e8 la prima volta che per un mese non sono riuscito a proporre un argomento.<\/p>\n<p>Tralasciando le motivazioni strettamente personali, quelle vicine e quelle lontane, credo che molto sia dovuto dal peso di un&#8217;immersione costante\u00a0 nella lettura dei quotidiani e dall&#8217;esigenza di approfondimenti storici di taluni eventi che erroneamente credevo di padroneggiare, specie nelle loro radici sociali e politiche.<\/p>\n<p>Quindi ho ripreso in mano vecchi testi, ho visto o ri-visto molti film, documentari storici e biografici, ascoltato molta musica, seguendo prevalentemente due filoni: razzismo e antisemitismo.<\/p>\n<p>Capita di credersi preparato perch\u00e8 sai di aver affrontato quelle tematiche molte volte, ma ti accorgi che non sono state sufficienti\u00a0 e quel PERCHE&#8217;, PERCHE&#8217;, rimane un convitato di pietra.<\/p>\n<p>Inevitabilmente, pur restando in quelle tematiche, ti assale un desiderio di &#8220;leggerezza&#8221;, una sorta di &#8220;time out&#8221; restando in piedi, sintetizzando il tutto in alcune parole: <strong>SOUL, SHALOM.<\/strong><\/p>\n<p><strong><\/strong>Sul Soul a me, non a voi giustamente, bastano alcuni nomi: Sam Cooke, Otis Redding, Aretha Franklin, Marvin Gaye.<\/p>\n<p>E il Blues?<\/p>\n<p>Tutto, compreso quello dei bianchi che hanno reso il loro devoto omaggio.<\/p>\n<p>E il Rap?<\/p>\n<p>Chi ha frequentato il Popolo dei Neri sa che il Rap viene sentito prevalentemente come &#8220;cosa loro&#8221;, una sorta di linguaggio musicale dedicato, poi se anche i bianchi e i &#8220;wazungu&#8221; comprano i cd, vale la regola del &#8220;pecunia non olet&#8221; e perch\u00e8 mai dovrebbe il contrario.<\/p>\n<p>Ma come, ridurre un problema come il razzismo scrivendo della loro musica?!<\/p>\n<p>Certamente, e con un po&#8217; di cervello superiore alla briciola si pu\u00f2 comprendere che pu\u00f2 bastare anche meno.<\/p>\n<p>Sull&#8217;antisemitismo l&#8217;orrore e lo sconcerto sono stati pesanti, al limite dell&#8217;insopportabile, perch\u00e8 nelle menti e negli uomini liberi da pregiudizi di sorta non ci pu\u00f2 essere una metabolizzazione di quell&#8217;orrore culturale e materiale.<\/p>\n<p>Mai.<\/p>\n<p>Data la vastit\u00e0 del tema, mi sono soffermato su un particolare, apparentemente marginale, di quello tedesco.<\/p>\n<p>Dolente \u00e8 stata la sorpresa di scoprire che i germi di quell&#8217; immane &#8220;epidemia&#8221;, pianificata dall&#8217;avvento di Hitler e del nazismo, avevano gi\u00e0 avuto almeno un paio di precedenti significativi.<\/p>\n<p>Uno nel <strong>1923<\/strong> a Monaco con l&#8217;istituzione di una cattedra universitaria di IGIENE RAZZIALE (?!), il secondo nel <strong>1927<\/strong> con la creazione dell&#8217;ISTITUTO BERLINESE di ANTROPOLOGIA, istituzione apparentemente &#8220;neutra&#8221; se non fosse che da quella universit\u00e0 uscirono alcuni dei &#8220;programmatori&#8221; del genocidio ebraico e non solo quello.<\/p>\n<p>In quell&#8217;Istituto si form\u00f2 anche Josef Mengele, &#8220;l&#8217;angelo della morte&#8221;, l&#8217;uomo dei pi\u00f9 orrendi esperimenti sugli ebrei internati.<\/p>\n<p>E fu l\u00ec, a Berlino, ben prima dell&#8217;avvento di Hitler, che i pregiudizi antisemiti si ammantarono di &#8220;scientificit\u00e0&#8221;.<\/p>\n<p>Ma dal <strong>1918<\/strong> al <strong>1933<\/strong>, in Germania, ci fu l&#8217;ultimo tentativo (confuso) di un governo <em>liberal-democratico<\/em> tedesco noto come &#8220;Repubblica di Weimar&#8221;.<\/p>\n<p>Quindi, non essendo uno storico, ma osservando le date, posso solo dedurre che l&#8217;antisemitismo tedesco provenisse gi\u00e0 dal secolo precedente.<\/p>\n<p>Tuttavia, anche in questo caso, mi sono affidato ad un elemento &#8220;leggero&#8221;.<\/p>\n<p>Qualcuno sa darmi una spiegazione sul fatto della presenza di innumerevoli grandi personaggi ebrei o di origine ebraica in TUTTE le &#8220;Sette Arti&#8221;, pi\u00f9 l&#8217;ottava inserendovi il Cinema?<\/p>\n<p>Come pu\u00f2 un popolo, vessato, perseguitato, considerato &#8220;impuro&#8221;, produrre Artisti e Scienziati tra i pi\u00f9 grandi della Storia Moderna e di quella Contemporanea?<\/p>\n<p>Per quanto mi riguarda qualche risposta, probabilmente sgradita a molti, ce l&#8217;avrei, ma la tengo per me.<\/p>\n<p>Nel prosieguo di questo Topic mi limiter\u00f2 ad onorare il &#8220;Black People&#8221; e quello &#8220;Jewish&#8221; con qualche esempio e chi lo vorr\u00e0 potr\u00e0 fare altrettanto.<\/p>\n<p>Cordialit\u00e0.<\/p>\n<p>&nbsp;<\/p>\n<p>&nbsp;<\/p>\n<p>&nbsp;<\/p>\n<p>&nbsp;<\/p>\n","protected":false},"excerpt":{"rendered":"<p>&nbsp; In dodici anni di vita di questo piccolo spazio di chiacchere, pi\u00f9 o meno interessanti, \u00e8 la prima volta che per un mese non sono riuscito a proporre un argomento. Tralasciando le motivazioni strettamente personali, quelle vicine e quelle lontane, credo che molto sia dovuto dal peso di un&#8217;immersione costante\u00a0 nella lettura dei quotidiani&#8230;  <a class=\"excerpt-read-more\" href=\"https:\/\/blog.telenuovo.it\/nino-gazzini\/2021\/02\/25\/senza-titoli\/\" title=\"Read SENZA TITOLI\">Leggi tutto &raquo;<\/a><\/p>\n","protected":false},"author":8,"featured_media":0,"comment_status":"open","ping_status":"open","sticky":false,"template":"","format":"standard","meta":[],"categories":[1],"tags":[],"_links":{"self":[{"href":"https:\/\/blog.telenuovo.it\/nino-gazzini\/wp-json\/wp\/v2\/posts\/1728"}],"collection":[{"href":"https:\/\/blog.telenuovo.it\/nino-gazzini\/wp-json\/wp\/v2\/posts"}],"about":[{"href":"https:\/\/blog.telenuovo.it\/nino-gazzini\/wp-json\/wp\/v2\/types\/post"}],"author":[{"embeddable":true,"href":"https:\/\/blog.telenuovo.it\/nino-gazzini\/wp-json\/wp\/v2\/users\/8"}],"replies":[{"embeddable":true,"href":"https:\/\/blog.telenuovo.it\/nino-gazzini\/wp-json\/wp\/v2\/comments?post=1728"}],"version-history":[{"count":2,"href":"https:\/\/blog.telenuovo.it\/nino-gazzini\/wp-json\/wp\/v2\/posts\/1728\/revisions"}],"predecessor-version":[{"id":1730,"href":"https:\/\/blog.telenuovo.it\/nino-gazzini\/wp-json\/wp\/v2\/posts\/1728\/revisions\/1730"}],"wp:attachment":[{"href":"https:\/\/blog.telenuovo.it\/nino-gazzini\/wp-json\/wp\/v2\/media?parent=1728"}],"wp:term":[{"taxonomy":"category","embeddable":true,"href":"https:\/\/blog.telenuovo.it\/nino-gazzini\/wp-json\/wp\/v2\/categories?post=1728"},{"taxonomy":"post_tag","embeddable":true,"href":"https:\/\/blog.telenuovo.it\/nino-gazzini\/wp-json\/wp\/v2\/tags?post=1728"}],"curies":[{"name":"wp","href":"https:\/\/api.w.org\/{rel}","templated":true}]}}