{"id":1738,"date":"2021-03-28T20:48:11","date_gmt":"2021-03-28T18:48:11","guid":{"rendered":"https:\/\/blog.telenuovo.it\/nino-gazzini\/?p=1738"},"modified":"2021-03-28T20:48:11","modified_gmt":"2021-03-28T18:48:11","slug":"quando-e-perche-ngu-o-acr-piansero-la-prima-volta","status":"publish","type":"post","link":"https:\/\/blog.telenuovo.it\/nino-gazzini\/2021\/03\/28\/quando-e-perche-ngu-o-acr-piansero-la-prima-volta\/","title":{"rendered":"Quando e perch\u00e8 &#8220;NGU o ACR&#8221; piansero la prima volta?"},"content":{"rendered":"<p>La possibilit\u00e0 che i primitivi comunicassero con una qualsiasi forma di &#8220;linguaggio&#8221; verbale-gutturale \u00e8 una delle ossessioni &#8211; assai controverse &#8211; dei paleoantropologi.<\/p>\n<p>Pare che la chiave di tutto (?) stia in un piccolo ossicino, situato sotto la lingua, chiamato IOIDE.<\/p>\n<p>Senza quello non \u00e8 possibile un&#8217;articolazione per una qualsiasi forma di emissioni fonetiche diverse dalle emissioni gutturali.<\/p>\n<p>Tuttavia, tra le migliaia di reperti fossili, di IOIDE ne \u00e8 stato trovato UNO SOLO, appartenente ai Neanderthaliani, estinti tra i 30\/40 mila anni fa dopo circa 300 mila anni dalla sua &#8220;comparsa&#8221;.<\/p>\n<p>E l&#8217;Uomo Habilis?<\/p>\n<p>E l&#8217;Uomo Sapiens?<\/p>\n<p>Credo che sia necessario avvertire che tra le due specie pu\u00f2 intercorrere una milionata (!) d&#8217;anni.<\/p>\n<p>S\u00ec, la paleoantropologia si misura a centinaia di migliaia o a milionate di anni.<\/p>\n<p>Capirai&#8230;<\/p>\n<p>&#8220;NGU e ACR&#8221;, evidenti nomi di fantasia, sono articolabili senza muovere la lingua, pi\u00f9 il primo che il secondo.<\/p>\n<p>Ma non voglio correre il rischio di perdermi, anche se si tratta di una materia di cui ho una modesta ma sufficiente cognizione di causa.<\/p>\n<p>Quindi torno al titolo del Topic per cui ho da anni una curiosit\u00e0 molto vicina all&#8217;ossessione (&#8230;).<\/p>\n<p>Il &#8220;triangolo&#8221; psichico &#8220;cognizione, emozione, pianto&#8221;, chiaramente semplificato, DEVE essere avvenuto una prima volta.<\/p>\n<p>Il quando e perch\u00e8 appartiene alle supposizioni irrisolte, ma sicuramente (?) non fu per un dolore fisico.<\/p>\n<p>L&#8217;apparato lacrimale, credo, appartenga a tutto il mondo animale terrestre, tuttavia ho nozione che l&#8217;unico animale che &#8220;piange&#8221;, in situazioni di stress sia l&#8217;elefante, animale la cui prima apparizione \u00e8 datata a una milionata d&#8217;anni fa.<\/p>\n<p>Bene, ma l&#8217;HOMO?<\/p>\n<p>Per varie ragioni, che ho pure studiato, l&#8217;Homo non pianse la prima volta per &#8220;amore&#8221; tra maschio e femmina.<\/p>\n<p>L&#8217;accoppiamento, almeno alle origini, era &#8220;libero&#8221; e casuale, esclusivamente (?) per funzione riproduttiva.<\/p>\n<p>Ora, scusandomi profondamente per una teoria che piace a me, voglio pensare che la prima lacrima primitiva avvenne per la COGNIZIONE di una perdita &#8220;definitiva&#8221;, l&#8217;EMOZIONE conseguente port\u00f2 ad uno stress che sollecit\u00f2 l&#8217;apparato lacrimale in un modo inusuale, incontrollato, e gli occhi produssero una LACRIMA.<\/p>\n<p>Ora pensate a quanti <strong>romanzi, poesie, film e canzoni<\/strong> (chiave per participare al Topic-n.d.g.) hanno reso &#8220;onorevole&#8221; quella funzione, quindi &#8220;amare&#8221; le proprie lacrime ci ha reso ci\u00f2 che siamo.<\/p>\n<p>Su ci\u00f2 che saremo non ha per me tanta importanza.<\/p>\n<p>&nbsp;<\/p>\n<p>NOTA 1<\/p>\n<p>Credo che Eva non abbia offerto una mela ad Adamo, un frutto non cos\u00ec dolce se equiparato ad un <em><strong>&#8220;ficus&#8221;.<\/strong><\/em><\/p>\n<p><em><strong><\/strong><\/em>Per la loro libert\u00e0 di scelta, non credo impulsiva,\u00a0 dovettero andarsene, contriti e<strong> piangenti<\/strong>, dal Paradiso Celeste.<\/p>\n<p>Tuttavia &#8211; suppongo &#8211; trovarono altre consolazioni in mezzo alle tribolazioni..<\/p>\n<p>NOTA 2<\/p>\n<p>Forse l&#8217;affermazione su ci\u00f2 che saremo, priva di personale interesse, pu\u00f2 apparire perentopria e presuntuosa.<\/p>\n<p>Infatti non \u00e8 del tutto vera.<\/p>\n<p>Nella paleoantropologia una delle pi\u00f9 importanti\u00a0 ricerche per capire l&#8217;evoluzione avviene sulle &#8220;evacuazioni&#8221; corporali fossili, dette &#8220;coproliti&#8221;, purtroppo rare.<\/p>\n<p>Per ci\u00f2 che concerne il futuro far\u00f2 solo due rilievi:<\/p>\n<p>a) sulla Luna ci sono circa cinquanta sacchetti contenenti le evacuazioni degli astronauti. Uno dei progetti del prossimo allunaggio sar\u00e0 riportarle sulla terra per verificarne le mutazioni batterico-virali avvenute in assenza di gravit\u00e0 dopo mezzo secolo;<\/p>\n<p>b) uno dei problemi pi\u00f9 seri per l&#8217;insediamento umano su Marte sar\u00e0 ancora connesso coi problemi dello smaltimento dei rifiuti umani, molto carichi batteriologicamente.<\/p>\n<p>Vero \u00e8 che non siamo pipistrelli, dove le mutazioni batteriche e virali delle loro deiezioni preoccupano non poco.<\/p>\n<p>Per\u00f2 non \u00e8 ancora tempo per <strong>piangere, <\/strong>visto che oggi c&#8217;\u00e8 &#8220;altro&#8221;.<\/p>\n<p>&nbsp;<\/p>\n<p>&nbsp;<\/p>\n","protected":false},"excerpt":{"rendered":"<p>La possibilit\u00e0 che i primitivi comunicassero con una qualsiasi forma di &#8220;linguaggio&#8221; verbale-gutturale \u00e8 una delle ossessioni &#8211; assai controverse &#8211; dei paleoantropologi. Pare che la chiave di tutto (?) stia in un piccolo ossicino, situato sotto la lingua, chiamato IOIDE. Senza quello non \u00e8 possibile un&#8217;articolazione per una qualsiasi forma di emissioni fonetiche diverse&#8230;  <a class=\"excerpt-read-more\" href=\"https:\/\/blog.telenuovo.it\/nino-gazzini\/2021\/03\/28\/quando-e-perche-ngu-o-acr-piansero-la-prima-volta\/\" title=\"Read Quando e perch\u00e8 &#8220;NGU o ACR&#8221; piansero la prima volta?\">Leggi tutto &raquo;<\/a><\/p>\n","protected":false},"author":8,"featured_media":0,"comment_status":"open","ping_status":"open","sticky":false,"template":"","format":"standard","meta":[],"categories":[1],"tags":[],"_links":{"self":[{"href":"https:\/\/blog.telenuovo.it\/nino-gazzini\/wp-json\/wp\/v2\/posts\/1738"}],"collection":[{"href":"https:\/\/blog.telenuovo.it\/nino-gazzini\/wp-json\/wp\/v2\/posts"}],"about":[{"href":"https:\/\/blog.telenuovo.it\/nino-gazzini\/wp-json\/wp\/v2\/types\/post"}],"author":[{"embeddable":true,"href":"https:\/\/blog.telenuovo.it\/nino-gazzini\/wp-json\/wp\/v2\/users\/8"}],"replies":[{"embeddable":true,"href":"https:\/\/blog.telenuovo.it\/nino-gazzini\/wp-json\/wp\/v2\/comments?post=1738"}],"version-history":[{"count":1,"href":"https:\/\/blog.telenuovo.it\/nino-gazzini\/wp-json\/wp\/v2\/posts\/1738\/revisions"}],"predecessor-version":[{"id":1739,"href":"https:\/\/blog.telenuovo.it\/nino-gazzini\/wp-json\/wp\/v2\/posts\/1738\/revisions\/1739"}],"wp:attachment":[{"href":"https:\/\/blog.telenuovo.it\/nino-gazzini\/wp-json\/wp\/v2\/media?parent=1738"}],"wp:term":[{"taxonomy":"category","embeddable":true,"href":"https:\/\/blog.telenuovo.it\/nino-gazzini\/wp-json\/wp\/v2\/categories?post=1738"},{"taxonomy":"post_tag","embeddable":true,"href":"https:\/\/blog.telenuovo.it\/nino-gazzini\/wp-json\/wp\/v2\/tags?post=1738"}],"curies":[{"name":"wp","href":"https:\/\/api.w.org\/{rel}","templated":true}]}}