{"id":1771,"date":"2021-06-01T17:11:01","date_gmt":"2021-06-01T15:11:01","guid":{"rendered":"https:\/\/blog.telenuovo.it\/nino-gazzini\/?p=1771"},"modified":"2021-06-01T17:11:01","modified_gmt":"2021-06-01T15:11:01","slug":"volumi","status":"publish","type":"post","link":"https:\/\/blog.telenuovo.it\/nino-gazzini\/2021\/06\/01\/volumi\/","title":{"rendered":"VOLUMI"},"content":{"rendered":"<p>Non sono in grado di dare giudizi di merito sulla prescrizione del presidente regionale della Sardegna sull&#8217;obbligo che ogni luogo al chiuso, recettivo di clientela, garantisca 20 metri cubi d&#8217;aria a persona.<\/p>\n<p>Lette alcune reazioni dei gestori, dei quali appare comprensibile il nervosismo per quanto accaduto nell ultimo anno, mi chiedo, e vi chiedo, se \u00e8 un&#8217;operazione cos\u00ec complicata quella di calcolare il volume di una o pi\u00f9 sale.<\/p>\n<p>Se la memoria non mi tradisce, ed \u00e8 cosa possibilissima, si trattava di un esercizio &#8220;non complicato&#8221; che veniva proposto nelle prime classi dell&#8217;istituto da me frequentato, usando figure geometriche anche complesse.<\/p>\n<p>La definizione di &#8220;non complicato&#8221; risulta dal fatto che ci riuscivo pure io, studente non proprio modello, almeno nei primi anni.<\/p>\n","protected":false},"excerpt":{"rendered":"<p>Non sono in grado di dare giudizi di merito sulla prescrizione del presidente regionale della Sardegna sull&#8217;obbligo che ogni luogo al chiuso, recettivo di clientela, garantisca 20 metri cubi d&#8217;aria a persona. Lette alcune reazioni dei gestori, dei quali appare comprensibile il nervosismo per quanto accaduto nell ultimo anno, mi chiedo, e vi chiedo, se&#8230;  <a class=\"excerpt-read-more\" href=\"https:\/\/blog.telenuovo.it\/nino-gazzini\/2021\/06\/01\/volumi\/\" title=\"Read VOLUMI\">Leggi tutto &raquo;<\/a><\/p>\n","protected":false},"author":8,"featured_media":0,"comment_status":"open","ping_status":"open","sticky":false,"template":"","format":"standard","meta":[],"categories":[1],"tags":[],"_links":{"self":[{"href":"https:\/\/blog.telenuovo.it\/nino-gazzini\/wp-json\/wp\/v2\/posts\/1771"}],"collection":[{"href":"https:\/\/blog.telenuovo.it\/nino-gazzini\/wp-json\/wp\/v2\/posts"}],"about":[{"href":"https:\/\/blog.telenuovo.it\/nino-gazzini\/wp-json\/wp\/v2\/types\/post"}],"author":[{"embeddable":true,"href":"https:\/\/blog.telenuovo.it\/nino-gazzini\/wp-json\/wp\/v2\/users\/8"}],"replies":[{"embeddable":true,"href":"https:\/\/blog.telenuovo.it\/nino-gazzini\/wp-json\/wp\/v2\/comments?post=1771"}],"version-history":[{"count":1,"href":"https:\/\/blog.telenuovo.it\/nino-gazzini\/wp-json\/wp\/v2\/posts\/1771\/revisions"}],"predecessor-version":[{"id":1772,"href":"https:\/\/blog.telenuovo.it\/nino-gazzini\/wp-json\/wp\/v2\/posts\/1771\/revisions\/1772"}],"wp:attachment":[{"href":"https:\/\/blog.telenuovo.it\/nino-gazzini\/wp-json\/wp\/v2\/media?parent=1771"}],"wp:term":[{"taxonomy":"category","embeddable":true,"href":"https:\/\/blog.telenuovo.it\/nino-gazzini\/wp-json\/wp\/v2\/categories?post=1771"},{"taxonomy":"post_tag","embeddable":true,"href":"https:\/\/blog.telenuovo.it\/nino-gazzini\/wp-json\/wp\/v2\/tags?post=1771"}],"curies":[{"name":"wp","href":"https:\/\/api.w.org\/{rel}","templated":true}]}}