{"id":1794,"date":"2021-07-01T03:55:47","date_gmt":"2021-07-01T01:55:47","guid":{"rendered":"https:\/\/blog.telenuovo.it\/nino-gazzini\/?p=1794"},"modified":"2021-07-01T03:55:47","modified_gmt":"2021-07-01T01:55:47","slug":"signorinella-pallida-la-vitamina-b12-nel-1931-era-gia-stata-sintetizzata-prima-parte","status":"publish","type":"post","link":"https:\/\/blog.telenuovo.it\/nino-gazzini\/2021\/07\/01\/signorinella-pallida-la-vitamina-b12-nel-1931-era-gia-stata-sintetizzata-prima-parte\/","title":{"rendered":"SIGNORINELLA PALLIDA, LA VITAMINA B12 NEL 1931 ERA GIA&#8217; STATA SINTETIZZATA (prima parte)"},"content":{"rendered":"<p>Chiss\u00e0 se quel pallore aveva una causa anemica oppure era una scelta di classe.<\/p>\n<p>S\u00ec, l&#8217;abbronzatura a quei tempi, e soprattutto prima,\u00a0 era una &#8220;prerogativa&#8221; delle classi popolari, poi gli usi e i costumi cambiano, si direbbe evolvono, ma sul piano strettamente estetico avrei le mie perplessit\u00e0.<\/p>\n<p>Chiss\u00e0, forse anche nel &#8220;ventennio&#8221; la fettina (di ciccia) era una cosa rara e poi il pallore aveva un&#8217;aurea di sensualit\u00e0 nettamente superiore, almeno fino agli anni &#8217;70.<\/p>\n<p>Spiegarne l&#8217;oscuro motivo, non cos\u00ec oscuro per me, potrebbe far storcere il naso a qualche lettore quindi, quindi mi astengo dal farlo.<\/p>\n<p>Il fatto \u00e8 che il M\u00b0 Francesco Guccini, in una recente intervista, ha dichiarato che le canzoni italiane &#8220;d&#8217;oggi&#8221; (da intendersi in un tempo pi\u00f9 traslato) &#8220;non dicono pi\u00f9 nulla&#8230; e c&#8217;\u00e8 pi\u00f9 senso nel testo di Signorinella &#8230;&#8221;, una canzone del 1931.<\/p>\n<p>Debbo dire che non ho molti argomenti a confutazione, non tanto perch\u00e8 il giudizio prorompe da cotanto personaggio, ma perch\u00e8 per me per CANZONE ITALIANA non pu\u00f2 che intendersi quella che fino al 2007 si udiva al Festivalbar e che oggi ha la sua culla gestatoria nel Festival di Sanremo, due eventi che mi sono praticamente sconosciuti musicalmente e che ho seguito con mezo orecchio per un vecchio vezzo di studio dei fenomeni sociali.<\/p>\n<p>Aaaahh, &#8216;sto Gazza sociologico chepppalle!<\/p>\n<p>Mi spiego, cerco di farlo, dopo la lettura di articoli entusiasti per i Maneskin, li ascolto e mi dico: &#8220;beh hanno metabolizzato decentemente Iggy Pop&#8230;&#8221;. Punto.<\/p>\n<p>Lo snobismo non c&#8217;entra una pippa.<\/p>\n<p>Avrete capito, pi\u00f9 o meno, su cosa ruoter\u00e0 la <em><strong>seconda parte del Topic?<\/strong><\/em><\/p>\n<p><em><strong><\/strong><\/em>Sto analizzando &#8211; ascoltando &#8211; circa trecento pezzi internazionali degli anni &#8217;60 (sono passati giusto sessantanni!), laboriosamente raccolti in mesi di ricerca una ventina d&#8217;anni orsono, e oltre duecento pezzi italiani dal 1960\/70 al 2010 circa.<\/p>\n<p>Quale sar\u00e0 il &#8220;taglio&#8221; valutativo\/conversativo?<\/p>\n<p>Credo sar\u00e0 una sorpresa.<\/p>\n<p>O meglio, per me lo \u00e8 stata di sicuro.<\/p>\n<p>&nbsp;<\/p>\n<p>P.S.<\/p>\n<p>Riconfermo di non conoscere l&#8217;et\u00e0 media dei lettori, pertanto per qualcuno ci\u00f2 che scriver\u00f2 e far\u00f2 ascoltare sar\u00e0 peggio di un ideogramma cinese.<\/p>\n<p>Me ne scuso anticipatamente.<\/p>\n","protected":false},"excerpt":{"rendered":"<p>Chiss\u00e0 se quel pallore aveva una causa anemica oppure era una scelta di classe. S\u00ec, l&#8217;abbronzatura a quei tempi, e soprattutto prima,\u00a0 era una &#8220;prerogativa&#8221; delle classi popolari, poi gli usi e i costumi cambiano, si direbbe evolvono, ma sul piano strettamente estetico avrei le mie perplessit\u00e0. Chiss\u00e0, forse anche nel &#8220;ventennio&#8221; la fettina (di&#8230;  <a class=\"excerpt-read-more\" href=\"https:\/\/blog.telenuovo.it\/nino-gazzini\/2021\/07\/01\/signorinella-pallida-la-vitamina-b12-nel-1931-era-gia-stata-sintetizzata-prima-parte\/\" title=\"Read SIGNORINELLA PALLIDA, LA VITAMINA B12 NEL 1931 ERA GIA&#8217; STATA SINTETIZZATA (prima parte)\">Leggi tutto &raquo;<\/a><\/p>\n","protected":false},"author":8,"featured_media":0,"comment_status":"open","ping_status":"open","sticky":false,"template":"","format":"standard","meta":[],"categories":[1],"tags":[],"_links":{"self":[{"href":"https:\/\/blog.telenuovo.it\/nino-gazzini\/wp-json\/wp\/v2\/posts\/1794"}],"collection":[{"href":"https:\/\/blog.telenuovo.it\/nino-gazzini\/wp-json\/wp\/v2\/posts"}],"about":[{"href":"https:\/\/blog.telenuovo.it\/nino-gazzini\/wp-json\/wp\/v2\/types\/post"}],"author":[{"embeddable":true,"href":"https:\/\/blog.telenuovo.it\/nino-gazzini\/wp-json\/wp\/v2\/users\/8"}],"replies":[{"embeddable":true,"href":"https:\/\/blog.telenuovo.it\/nino-gazzini\/wp-json\/wp\/v2\/comments?post=1794"}],"version-history":[{"count":1,"href":"https:\/\/blog.telenuovo.it\/nino-gazzini\/wp-json\/wp\/v2\/posts\/1794\/revisions"}],"predecessor-version":[{"id":1795,"href":"https:\/\/blog.telenuovo.it\/nino-gazzini\/wp-json\/wp\/v2\/posts\/1794\/revisions\/1795"}],"wp:attachment":[{"href":"https:\/\/blog.telenuovo.it\/nino-gazzini\/wp-json\/wp\/v2\/media?parent=1794"}],"wp:term":[{"taxonomy":"category","embeddable":true,"href":"https:\/\/blog.telenuovo.it\/nino-gazzini\/wp-json\/wp\/v2\/categories?post=1794"},{"taxonomy":"post_tag","embeddable":true,"href":"https:\/\/blog.telenuovo.it\/nino-gazzini\/wp-json\/wp\/v2\/tags?post=1794"}],"curies":[{"name":"wp","href":"https:\/\/api.w.org\/{rel}","templated":true}]}}