{"id":237,"date":"2012-09-02T04:27:48","date_gmt":"2012-09-02T02:27:48","guid":{"rendered":"http:\/\/blog.telenuovo.it\/nino-gazzini\/?p=237"},"modified":"2012-09-02T04:27:48","modified_gmt":"2012-09-02T02:27:48","slug":"difendo-mandorlini-ed-il-comunicato-della-curva-sud","status":"publish","type":"post","link":"https:\/\/blog.telenuovo.it\/nino-gazzini\/2012\/09\/02\/difendo-mandorlini-ed-il-comunicato-della-curva-sud\/","title":{"rendered":"DIFENDO MANDORLINI (ed il comunicato della Curva Sud&#8230;)"},"content":{"rendered":"<p>\u00a7 &#8211; 1<br \/>\nMolti i lamentosi ieri sera al Bentegodi.<br \/>\nPasquale Zamputo (detto &#8220;Andrea&#8221;), Augusto Verzo (detto &#8220;Giorgio&#8221;) eD io, al contrario, pacatamente soddisfatti.<br \/>\nNon riportabile, perch\u00e8 indecifrabili i suoni gutturali da lui emessi, \u00e8 invece l&#8217;umore di Massimo Massimo (detto &#8220;Massimo&#8221;).<br \/>\nCostoro sono i miei &#8220;amichetti&#8221; di stadio ( abbiamo perso il federale Romolo Catenacci, detto &#8220;Giovanni&#8221;, perch\u00e8 da quest&#8217;anno va in Est per adempiere ai suoi doveri coniugali e per onorare il suo nuovo ruolo di &#8220;presidente).<br \/>\nBeh, inzomma, i miei amichetti eD io pensiamo che il Mister Mandorlini abbia fatto &#8220;carichi pesanti&#8221; nella preparazione sapendo che il campionato del Verona durer\u00e0 (minimo) UN mese di pi\u00f9 delle squadre normali (capita l&#8217;antifona?!?).<br \/>\nIn breve, abbiamo visto molta corsa ma poca &#8220;brillantezza&#8221;.<br \/>\nAnche la mossa di far entrare Cacia \u00e8 sembrata a molti azzardata (tranne a quelli che credono sempre alla liquefazione del sangue di San Gennaro), essendo &#8220;Daniele&#8221; ancora (quasi) in ferie.<br \/>\nSecondo eD io, invece, una logica c&#8217;era: Cacia era pi\u00f9 temuto (anche per via della fama) dai difensori avversari e volevi mai che  si concentrassero di pi\u00f9 su lui che non sul poco brillante Juanito.<br \/>\nDifati e zach\u00e8te Juanito Gol!<br \/>\nI lamentosi hanno trovato el pel ne l&#8217;ovo sul fatto che abbiamo giocato 25 minuti in undici contro nove.<br \/>\nE allora?<br \/>\nCosa cazz&#8217; avrebbe dovuto dire Serse I\u00b0, che con un esercito di 2 miGlioni di soldati fu fermato dai 300 spartani di Leonida (la notazione, puramente nozionistica, mi deriva dalla visione del film 300 &#8211; n.d.g.).<br \/>\nLa sopraesposta desamina della partita NON \u00e8 stata supervisionata n\u00e8 autorizzata &#8220;tecnicamente&#8221; da Luigi &#8220;gigi&#8221; Purgato, ma l&#8217;\u00e8 stesso.<br \/>\n\u00a7 &#8211; 2<br \/>\nIl comunicato ufficiale distribuito ieri sera allo stadio dal titolo &#8220;LO STILE VERONA&#8221; a firma Curva Sud, \u00e8 stupefacente!<br \/>\nA differenza di qualche altro letto negli anni passati, \u00e8 scritto in un italiano perfetto, forbito, elegante, contenente perfino una doppia negazione &#8220;latina&#8221; (del tipo di quelle che usa la C.E.I., la Conferenza Episcopale Italiana-n.d.g.) che ha il significato di affermazione: &#8220;&#8230;NON possiamo e NON vogliamo NON notare&#8230;&#8221; significa &#8220;NOTIAMO et VOGLIAMO&#8230;&#8221;.<br \/>\nIl contenuto?<br \/>\nIl tono &#8220;suadente&#8221; e pacato tende a dissolvere un sapore di indicazione di come dovrebbe essere una &#8220;divisa&#8221; (militare&#038;militante o per accedere ad Oxford).<br \/>\nLa sostanza, a mio (inusualmente) modesto parere \u00e8 condivisibile laddove conferma una delle prerogative da me pi\u00f9 apprezzate della Curva: chi vuole richiamarsi alla sua storia deve sapere che non c&#8217;\u00e8 spazio per un merchandising ed un &#8220;marKeTTing&#8221; gestito dalla tifoseria organizzata (come avviene in molte altre squadre e citt\u00e0, con &#8220;guerre&#8221; tra gruppi ed intrallazzi oscuri).<br \/>\nCos\u00ec almeno mi pare, altrimenti non cambia nulla e la cosa non mi riguarda (pi\u00f9&#8230;).<br \/>\nIo uso due sciarpe (di seta purissima) intrecciate, una Gialla ed una Blu.<br \/>\nColori veri, colori eterni.<br \/>\nE la battuta de &#8220;al sabato (! \ud83d\ude2e !) tutti in orbace&#8221; che mi \u00e8 sfuggita con pochi amici in pizzeria, rimane una battuta.<br \/>\nGoliardica.<br \/>\n \ud83d\ude0e<br \/>\np.s.:<br \/>\ncom&#8217;\u00e8 noto ai vecchi clickatori di sto Blog, fatto un Topic nuovo, a quello vecchio dedico uno o due giorni per eventuali &#8220;code&#8221; (risposte) personalizzate.<\/p>\n","protected":false},"excerpt":{"rendered":"<p>\u00a7 &#8211; 1 Molti i lamentosi ieri sera al Bentegodi. Pasquale Zamputo (detto &#8220;Andrea&#8221;), Augusto Verzo (detto &#8220;Giorgio&#8221;) eD io, al contrario, pacatamente soddisfatti. Non riportabile, perch\u00e8 indecifrabili i suoni gutturali da lui emessi, \u00e8 invece l&#8217;umore di Massimo Massimo (detto &#8220;Massimo&#8221;). Costoro sono i miei &#8220;amichetti&#8221; di stadio ( abbiamo perso il federale Romolo&#8230;  <a class=\"excerpt-read-more\" href=\"https:\/\/blog.telenuovo.it\/nino-gazzini\/2012\/09\/02\/difendo-mandorlini-ed-il-comunicato-della-curva-sud\/\" title=\"Read DIFENDO MANDORLINI (ed il comunicato della Curva Sud&#8230;)\">Leggi tutto &raquo;<\/a><\/p>\n","protected":false},"author":8,"featured_media":0,"comment_status":"open","ping_status":"open","sticky":false,"template":"","format":"standard","meta":[],"categories":[1],"tags":[],"_links":{"self":[{"href":"https:\/\/blog.telenuovo.it\/nino-gazzini\/wp-json\/wp\/v2\/posts\/237"}],"collection":[{"href":"https:\/\/blog.telenuovo.it\/nino-gazzini\/wp-json\/wp\/v2\/posts"}],"about":[{"href":"https:\/\/blog.telenuovo.it\/nino-gazzini\/wp-json\/wp\/v2\/types\/post"}],"author":[{"embeddable":true,"href":"https:\/\/blog.telenuovo.it\/nino-gazzini\/wp-json\/wp\/v2\/users\/8"}],"replies":[{"embeddable":true,"href":"https:\/\/blog.telenuovo.it\/nino-gazzini\/wp-json\/wp\/v2\/comments?post=237"}],"version-history":[{"count":1,"href":"https:\/\/blog.telenuovo.it\/nino-gazzini\/wp-json\/wp\/v2\/posts\/237\/revisions"}],"predecessor-version":[{"id":238,"href":"https:\/\/blog.telenuovo.it\/nino-gazzini\/wp-json\/wp\/v2\/posts\/237\/revisions\/238"}],"wp:attachment":[{"href":"https:\/\/blog.telenuovo.it\/nino-gazzini\/wp-json\/wp\/v2\/media?parent=237"}],"wp:term":[{"taxonomy":"category","embeddable":true,"href":"https:\/\/blog.telenuovo.it\/nino-gazzini\/wp-json\/wp\/v2\/categories?post=237"},{"taxonomy":"post_tag","embeddable":true,"href":"https:\/\/blog.telenuovo.it\/nino-gazzini\/wp-json\/wp\/v2\/tags?post=237"}],"curies":[{"name":"wp","href":"https:\/\/api.w.org\/{rel}","templated":true}]}}