{"id":267,"date":"2012-11-28T22:15:50","date_gmt":"2012-11-28T21:15:50","guid":{"rendered":"http:\/\/blog.telenuovo.it\/nino-gazzini\/?p=267"},"modified":"2012-11-28T22:15:50","modified_gmt":"2012-11-28T21:15:50","slug":"interdimezzo-matteo-fontana-francesco-barana-e-andre-de-gol","status":"publish","type":"post","link":"https:\/\/blog.telenuovo.it\/nino-gazzini\/2012\/11\/28\/interdimezzo-matteo-fontana-francesco-barana-e-andre-de-gol\/","title":{"rendered":"INTER(di)MEZZO: Matteo Fontana, Francesco Barana e &#8220;Andr\u00e8 de Gol&#8221;&#8230;"},"content":{"rendered":"<p>&#8220;Apr\u00e9s moi le deluge&#8221; (dopo di me il diluvio) \u00e8 un&#8217;espressione attribuita al Generale Charles de Gaulle, gi\u00e0 Presidente della Repubblica e grande statista Francese.<br \/>\nIn realt\u00e0 (pare) che l&#8217;espressione sia stata pronunciata da Luigi XIV\u00b0, Monarca regnante in Francia nella seconda met\u00e0 del 1600, il quale, con somma modestia, si faceva chiare &#8220;Re SOLE&#8221;, quindi non &#8220;uno di VOI&#8221; (esclusi i &#8220;SOLI contro tutti&#8221;).<br \/>\nEcco, il Mister Andrea Mandorlini mi ha ricordato (blandamente) quelli quando, con infelicissima &#8220;comparazione&#8221;, ha definito i giornalistici critici con alcune sue scelte e con alcune (opache) prestazioni della nostra Squadra (da lui disposta in campo), come degli &#8220;UOMINI CONTRO&#8221; (che non fanno il bene del Verona).<br \/>\n&#8220;L&#8217;etat c&#8217;est moi&#8221; pare abbia detto sempre il Monarca Luigino, spero di non sentire mai nessuno dire &#8220;il Verona sono io&#8230;&#8221;.<br \/>\nVa stesa una pagana sindone su queste  affermazioni colte in un ambito &#8220;sudato&#8221;  (o furbetto-populista):&#8230;chi \u00e8 &#8220;critico&#8221; con me \u00e8 CONTRO (?!?!) il Verona&#8230;<br \/>\nNo Mister, sei un tecnico di sicuro valore sul campo (i risultati confortano, oggettivamente, questo  giudizio), ma il &#8220;galletto amburghese&#8221; (ruspantissimo) non \u00e8 una pietanza universalmente apprezzata.<br \/>\nSe poi, su diecimila e rotti (!) abbonati dell&#8217;Hellas, vuoi piacere solo &#8220;ai tuoi&#8221;, dillo alla prossima intervista che cos\u00ec mi so regolare meglio.<br \/>\np.s.:<br \/>\nl&#8217;unico &#8220;litigio&#8221; che ho fatto con Matteo Fontana -bravo e appassionato giornalista- (durante un fuori onda di Telenuovo) \u00e8 avvenuto a fronte di una strenua difesa che Matteo TENTO&#8217; di fare, senza successo perch\u00e8 \u00e8 intelligente e conosce la logica delle parole, a fronte di una cazzatona detta da Mandorlini in un&#8217;intervista, che gli avevo evidenziato (se Rasulo non ha perso la memoria, potrebbe essere un buon testimone).<br \/>\np.p.s.s.:<br \/>\nMi pare che Francesco Barana, giovane di cultura e vivacit\u00e0 intellettuale non banali e calligrafiche, sappia scusarsi con il &#8220;suo pubblico&#8221; quando &#8220;eccede&#8221;.<br \/>\nVirt\u00f9 rara in un giovane, imperdonabile quando \u00e8 assente in un &#8220;non pi\u00f9 giovane&#8221;;<br \/>\np.p.p.s.s.s.:<br \/>\ngrande, grande, prestazione fisica e morale dell&#8217;Hellas ed eccellente guida tattica del Mister in quel di Palermo.<br \/>\nO.T.:<br \/>\ncasssi di Gasperini affrontare la Serie A con quelle &#8220;seconde linee&#8221; rosanero.<\/p>\n","protected":false},"excerpt":{"rendered":"<p>&#8220;Apr\u00e9s moi le deluge&#8221; (dopo di me il diluvio) \u00e8 un&#8217;espressione attribuita al Generale Charles de Gaulle, gi\u00e0 Presidente della Repubblica e grande statista Francese. In realt\u00e0 (pare) che l&#8217;espressione sia stata pronunciata da Luigi XIV\u00b0, Monarca regnante in Francia nella seconda met\u00e0 del 1600, il quale, con somma modestia, si faceva chiare &#8220;Re SOLE&#8221;,&#8230;  <a class=\"excerpt-read-more\" href=\"https:\/\/blog.telenuovo.it\/nino-gazzini\/2012\/11\/28\/interdimezzo-matteo-fontana-francesco-barana-e-andre-de-gol\/\" title=\"Read INTER(di)MEZZO: Matteo Fontana, Francesco Barana e &#8220;Andr\u00e8 de Gol&#8221;&#8230;\">Leggi tutto &raquo;<\/a><\/p>\n","protected":false},"author":8,"featured_media":0,"comment_status":"open","ping_status":"open","sticky":false,"template":"","format":"standard","meta":[],"categories":[1],"tags":[],"_links":{"self":[{"href":"https:\/\/blog.telenuovo.it\/nino-gazzini\/wp-json\/wp\/v2\/posts\/267"}],"collection":[{"href":"https:\/\/blog.telenuovo.it\/nino-gazzini\/wp-json\/wp\/v2\/posts"}],"about":[{"href":"https:\/\/blog.telenuovo.it\/nino-gazzini\/wp-json\/wp\/v2\/types\/post"}],"author":[{"embeddable":true,"href":"https:\/\/blog.telenuovo.it\/nino-gazzini\/wp-json\/wp\/v2\/users\/8"}],"replies":[{"embeddable":true,"href":"https:\/\/blog.telenuovo.it\/nino-gazzini\/wp-json\/wp\/v2\/comments?post=267"}],"version-history":[{"count":2,"href":"https:\/\/blog.telenuovo.it\/nino-gazzini\/wp-json\/wp\/v2\/posts\/267\/revisions"}],"predecessor-version":[{"id":333,"href":"https:\/\/blog.telenuovo.it\/nino-gazzini\/wp-json\/wp\/v2\/posts\/267\/revisions\/333"}],"wp:attachment":[{"href":"https:\/\/blog.telenuovo.it\/nino-gazzini\/wp-json\/wp\/v2\/media?parent=267"}],"wp:term":[{"taxonomy":"category","embeddable":true,"href":"https:\/\/blog.telenuovo.it\/nino-gazzini\/wp-json\/wp\/v2\/categories?post=267"},{"taxonomy":"post_tag","embeddable":true,"href":"https:\/\/blog.telenuovo.it\/nino-gazzini\/wp-json\/wp\/v2\/tags?post=267"}],"curies":[{"name":"wp","href":"https:\/\/api.w.org\/{rel}","templated":true}]}}