{"id":332,"date":"2013-07-06T22:04:52","date_gmt":"2013-07-06T20:04:52","guid":{"rendered":"http:\/\/blog.telenuovo.it\/nino-gazzini\/?p=332"},"modified":"2013-07-06T22:04:52","modified_gmt":"2013-07-06T20:04:52","slug":"equivoci-equivo-ci","status":"publish","type":"post","link":"https:\/\/blog.telenuovo.it\/nino-gazzini\/2013\/07\/06\/equivoci-equivo-ci\/","title":{"rendered":"EquivoCI&#8230;Equivo ci&#8230;?"},"content":{"rendered":"<p>Roberto Equivo \u00e8 un interno di centrocampo, molto sinistro.<br \/>\nTalmente sinistro da sembrare quasi destro.<br \/>\nSi tratta di un chiaro equivoco che per\u00f2 crea una certa confusione, non c&#8217;\u00e8 che dire.<br \/>\nNessuno lo aveva mai sentito nominare prima, ragion per cui, qui a verona, era tutto un domandarsi &#8220;&#8230;ma Equivo ci?!&#8230;e dandocasssovienlo?&#8230;&#8221;.<br \/>\nSiamo, in grado di continuare la splendida tradizione degli &#8220;scoopz&#8221; di Telenuovo, versante Verona ( Padova \u00e8 solo un espressione geografica, fonte Metternich che, in quanto facente di nome Klemens &#8220;il clemente&#8221;, omettette di parlare di Vicenza).<br \/>\n&#8211; E Venezia?<br \/>\n&#8211; E&#8217; triste, mollto triiste (fonte Aznavour, che di nome fa Charles, come il poro John, centro-avanti della Juve negli anni a cavallo (?) dei &#8217;50-&#8217;60, che veniva definito &#8220;il gigante buono&#8221;, che per usare l&#8217;attributo &#8220;buono&#8221; per uno juventino ci vuole solo il pane &#8211; da l\u00ec l&#8217;espressione &#8220;\u00e8 buono come un tozzo di pane&#8221;).<br \/>\nS\u00ec, maa&#8230;Roberto Equivo?<br \/>\nAh s\u00ec, che sbadato (privo di badante-n.d.g.) che sono, mi dimenticavo lo scoopz. Dunque Roberto Equivo viene dalle &#8220;giovanili&#8221; del Perdas de Fogu, per\u00f2 calcisticamente cresciuto nel Patagonia Fub\u00f2l Club, versante cileno perch\u00e8 gli argentini ce li abbiamo gi\u00e0.<br \/>\nPoich\u00e8 l&#8217;et\u00e0 media degli abitanti di Perdas de Fogu \u00e8 di anni 57.4, l&#8217;espressione &#8220;proveniente dalle giovanili&#8221; va presa con un po&#8217; di tolleranza, altrimenti si diventa estremisti-integralisti e non sta bene, proprio non sta bene (e si vede pure).<br \/>\n\ud83d\ude0e<\/p>\n","protected":false},"excerpt":{"rendered":"<p>Roberto Equivo \u00e8 un interno di centrocampo, molto sinistro. Talmente sinistro da sembrare quasi destro. Si tratta di un chiaro equivoco che per\u00f2 crea una certa confusione, non c&#8217;\u00e8 che dire. Nessuno lo aveva mai sentito nominare prima, ragion per cui, qui a verona, era tutto un domandarsi &#8220;&#8230;ma Equivo ci?!&#8230;e dandocasssovienlo?&#8230;&#8221;. Siamo, in grado&#8230;  <a class=\"excerpt-read-more\" href=\"https:\/\/blog.telenuovo.it\/nino-gazzini\/2013\/07\/06\/equivoci-equivo-ci\/\" title=\"Read EquivoCI&#8230;Equivo ci&#8230;?\">Leggi tutto &raquo;<\/a><\/p>\n","protected":false},"author":8,"featured_media":0,"comment_status":"open","ping_status":"open","sticky":false,"template":"","format":"standard","meta":[],"categories":[1],"tags":[],"_links":{"self":[{"href":"https:\/\/blog.telenuovo.it\/nino-gazzini\/wp-json\/wp\/v2\/posts\/332"}],"collection":[{"href":"https:\/\/blog.telenuovo.it\/nino-gazzini\/wp-json\/wp\/v2\/posts"}],"about":[{"href":"https:\/\/blog.telenuovo.it\/nino-gazzini\/wp-json\/wp\/v2\/types\/post"}],"author":[{"embeddable":true,"href":"https:\/\/blog.telenuovo.it\/nino-gazzini\/wp-json\/wp\/v2\/users\/8"}],"replies":[{"embeddable":true,"href":"https:\/\/blog.telenuovo.it\/nino-gazzini\/wp-json\/wp\/v2\/comments?post=332"}],"version-history":[{"count":1,"href":"https:\/\/blog.telenuovo.it\/nino-gazzini\/wp-json\/wp\/v2\/posts\/332\/revisions"}],"predecessor-version":[{"id":334,"href":"https:\/\/blog.telenuovo.it\/nino-gazzini\/wp-json\/wp\/v2\/posts\/332\/revisions\/334"}],"wp:attachment":[{"href":"https:\/\/blog.telenuovo.it\/nino-gazzini\/wp-json\/wp\/v2\/media?parent=332"}],"wp:term":[{"taxonomy":"category","embeddable":true,"href":"https:\/\/blog.telenuovo.it\/nino-gazzini\/wp-json\/wp\/v2\/categories?post=332"},{"taxonomy":"post_tag","embeddable":true,"href":"https:\/\/blog.telenuovo.it\/nino-gazzini\/wp-json\/wp\/v2\/tags?post=332"}],"curies":[{"name":"wp","href":"https:\/\/api.w.org\/{rel}","templated":true}]}}