{"id":355,"date":"2013-09-13T14:58:04","date_gmt":"2013-09-13T12:58:04","guid":{"rendered":"http:\/\/blog.telenuovo.it\/nino-gazzini\/?p=355"},"modified":"2013-09-13T14:58:04","modified_gmt":"2013-09-13T12:58:04","slug":"solo-io-ho-il-coraggio-di-dire-che-daniele-cacia-non-e-uno-di-noi","status":"publish","type":"post","link":"https:\/\/blog.telenuovo.it\/nino-gazzini\/2013\/09\/13\/solo-io-ho-il-coraggio-di-dire-che-daniele-cacia-non-e-uno-di-noi\/","title":{"rendered":"SOLO IO HO IL CORAGGIO DI DIRE CHE DANIELE CACIA NON E&#8217; UNO DI NOI?!?"},"content":{"rendered":"<p>Bella forza, me l&#8217;ha detto lui in persona oggi a pranzo&#8230;<br \/>\nIddu non appartiene allo ZOCCOLO DURO di questo Blog!<br \/>\n&#8220;&#8230;Gazza io ci provo qualche volta a leggerti&#8230;ma non ci capisco niente di quello che scrivi&#8230; \ud83d\ude41 \ud83d\ude41 &#8230;pensa che non ho capito NEANCHE quello che mi dedicasti quando feci la tripletta&#8230;(Varese vs. VERONA 0-3, n.d.g.)&#8221;.<br \/>\nSono cose che feriscono, ed io ferito sono.<br \/>\nVedendo i miei occhi lucidi (?) baluccicare dietro i mie occhialoni neri (Persol), Daniele, che \u00e8 un Gentleman, ha abbozzato una scusa pietosa: &#8220;&#8230;sai non ho ancora dimestichezza col dialetto veronese&#8230;&#8221;.<br \/>\nMe sar\u00eca cop\u00e0do (mi sarei suicidato-n.d.t.), la pietosa bugia mi ha ferito ancor di pi\u00f9 della cruda-crudele verit\u00e0: scrivo mal (scrivo male-n.d.t.).<br \/>\nFacciamo cos\u00ec caro Daniele, ti dico solo TRE cose:<br \/>\n1) tu Domenica fracame (segnami-n.d.t.) il goalx da tre punti;<br \/>\n2) io prometto di scrivere &#8220;in chiaro&#8221;.<br \/>\nCosa auspicabile, quasi certa la prima.<br \/>\nLa seconda la vedo un po&#8217; dura.<br \/>\n&#8211; E la terza?<br \/>\n&#8211; Giovane, gioovanee, alla mia et\u00e0, per la terza ci vuole un &#8220;interval training&#8221; che te lo raccomando&#8230;<br \/>\n\ud83d\ude0e<\/p>\n","protected":false},"excerpt":{"rendered":"<p>Bella forza, me l&#8217;ha detto lui in persona oggi a pranzo&#8230; Iddu non appartiene allo ZOCCOLO DURO di questo Blog! &#8220;&#8230;Gazza io ci provo qualche volta a leggerti&#8230;ma non ci capisco niente di quello che scrivi&#8230; \ud83d\ude41 \ud83d\ude41 &#8230;pensa che non ho capito NEANCHE quello che mi dedicasti quando feci la tripletta&#8230;(Varese vs. VERONA 0-3,&#8230;  <a class=\"excerpt-read-more\" href=\"https:\/\/blog.telenuovo.it\/nino-gazzini\/2013\/09\/13\/solo-io-ho-il-coraggio-di-dire-che-daniele-cacia-non-e-uno-di-noi\/\" title=\"Read SOLO IO HO IL CORAGGIO DI DIRE CHE DANIELE CACIA NON E&#8217; UNO DI NOI?!?\">Leggi tutto &raquo;<\/a><\/p>\n","protected":false},"author":8,"featured_media":0,"comment_status":"open","ping_status":"open","sticky":false,"template":"","format":"standard","meta":[],"categories":[1],"tags":[],"_links":{"self":[{"href":"https:\/\/blog.telenuovo.it\/nino-gazzini\/wp-json\/wp\/v2\/posts\/355"}],"collection":[{"href":"https:\/\/blog.telenuovo.it\/nino-gazzini\/wp-json\/wp\/v2\/posts"}],"about":[{"href":"https:\/\/blog.telenuovo.it\/nino-gazzini\/wp-json\/wp\/v2\/types\/post"}],"author":[{"embeddable":true,"href":"https:\/\/blog.telenuovo.it\/nino-gazzini\/wp-json\/wp\/v2\/users\/8"}],"replies":[{"embeddable":true,"href":"https:\/\/blog.telenuovo.it\/nino-gazzini\/wp-json\/wp\/v2\/comments?post=355"}],"version-history":[{"count":1,"href":"https:\/\/blog.telenuovo.it\/nino-gazzini\/wp-json\/wp\/v2\/posts\/355\/revisions"}],"predecessor-version":[{"id":356,"href":"https:\/\/blog.telenuovo.it\/nino-gazzini\/wp-json\/wp\/v2\/posts\/355\/revisions\/356"}],"wp:attachment":[{"href":"https:\/\/blog.telenuovo.it\/nino-gazzini\/wp-json\/wp\/v2\/media?parent=355"}],"wp:term":[{"taxonomy":"category","embeddable":true,"href":"https:\/\/blog.telenuovo.it\/nino-gazzini\/wp-json\/wp\/v2\/categories?post=355"},{"taxonomy":"post_tag","embeddable":true,"href":"https:\/\/blog.telenuovo.it\/nino-gazzini\/wp-json\/wp\/v2\/tags?post=355"}],"curies":[{"name":"wp","href":"https:\/\/api.w.org\/{rel}","templated":true}]}}