{"id":388,"date":"2013-12-31T02:39:50","date_gmt":"2013-12-31T01:39:50","guid":{"rendered":"http:\/\/blog.telenuovo.it\/nino-gazzini\/?p=388"},"modified":"2013-12-31T02:39:50","modified_gmt":"2013-12-31T01:39:50","slug":"no-non-mi-era-mai-capitato","status":"publish","type":"post","link":"https:\/\/blog.telenuovo.it\/nino-gazzini\/2013\/12\/31\/no-non-mi-era-mai-capitato\/","title":{"rendered":"NO, NON MI ERA MAI CAPITATO&#8230;"},"content":{"rendered":"<p>&#8230;che passassero 16 giorni senza cambiare Topic.<br \/>\nE neanche questo \u00e8 un Topic nuovo.<br \/>\n&#8220;Taglio l&#8217;aria ed il tempo&#8221;.<br \/>\nIeri \u00e8 stata una giornata un po&#8217; impegnativa e la serata neanche tanto allegra.<br \/>\nSe uno a cui voglio bene mi dice che ha un serio problema e che me ne vuol parlare&#8230;prima che finisca l&#8217;anno, io non dico di no.<br \/>\nLui non lo sapr\u00e0 mai, non sa neanche cos&#8217;\u00e8 un blog, ma se ne poteva parlare anche nella prima settimana di Gennaio, ma tant&#8217;\u00e8.<br \/>\nEra un po&#8217; pi\u00f9 solevato e ci\u00f2 mi basta.<br \/>\nSe avessi ancora la casellina con le finestrelle per i &#8220;fioretti&#8221; (leggi:buone azioni) che la Maestra Stefanini ci fece fare nel 1953, oggi ne potrei aprire una.<br \/>\nE adesso?<br \/>\nVi aspettate un qualche augurio?<br \/>\nIn verit\u00e0 in verit\u00e0 vi dico che non sono proprio-proprio il tipo pi\u00f9 adatto per queste cose, per\u00f2 quella di augurare a tutti un 2014 appena-appena migliore del 2013 ci riesco e lo faccio.<br \/>\nSenza sforzo. \ud83d\ude00<br \/>\nGazza \ud83d\ude0e<\/p>\n<p>p.s.: per un paio di giorni sono fuori citt\u00e0, il nuovo Topic sar\u00e0 con l&#8217;anno nuovo.<\/p>\n<p>p.p.s.s.: il riscontro a Charlibanana si trova nel Topic precedente.<\/p>\n","protected":false},"excerpt":{"rendered":"<p>&#8230;che passassero 16 giorni senza cambiare Topic. E neanche questo \u00e8 un Topic nuovo. &#8220;Taglio l&#8217;aria ed il tempo&#8221;. Ieri \u00e8 stata una giornata un po&#8217; impegnativa e la serata neanche tanto allegra. Se uno a cui voglio bene mi dice che ha un serio problema e che me ne vuol parlare&#8230;prima che finisca l&#8217;anno,&#8230;  <a class=\"excerpt-read-more\" href=\"https:\/\/blog.telenuovo.it\/nino-gazzini\/2013\/12\/31\/no-non-mi-era-mai-capitato\/\" title=\"Read NO, NON MI ERA MAI CAPITATO&#8230;\">Leggi tutto &raquo;<\/a><\/p>\n","protected":false},"author":8,"featured_media":0,"comment_status":"open","ping_status":"open","sticky":false,"template":"","format":"standard","meta":[],"categories":[1],"tags":[],"_links":{"self":[{"href":"https:\/\/blog.telenuovo.it\/nino-gazzini\/wp-json\/wp\/v2\/posts\/388"}],"collection":[{"href":"https:\/\/blog.telenuovo.it\/nino-gazzini\/wp-json\/wp\/v2\/posts"}],"about":[{"href":"https:\/\/blog.telenuovo.it\/nino-gazzini\/wp-json\/wp\/v2\/types\/post"}],"author":[{"embeddable":true,"href":"https:\/\/blog.telenuovo.it\/nino-gazzini\/wp-json\/wp\/v2\/users\/8"}],"replies":[{"embeddable":true,"href":"https:\/\/blog.telenuovo.it\/nino-gazzini\/wp-json\/wp\/v2\/comments?post=388"}],"version-history":[{"count":1,"href":"https:\/\/blog.telenuovo.it\/nino-gazzini\/wp-json\/wp\/v2\/posts\/388\/revisions"}],"predecessor-version":[{"id":389,"href":"https:\/\/blog.telenuovo.it\/nino-gazzini\/wp-json\/wp\/v2\/posts\/388\/revisions\/389"}],"wp:attachment":[{"href":"https:\/\/blog.telenuovo.it\/nino-gazzini\/wp-json\/wp\/v2\/media?parent=388"}],"wp:term":[{"taxonomy":"category","embeddable":true,"href":"https:\/\/blog.telenuovo.it\/nino-gazzini\/wp-json\/wp\/v2\/categories?post=388"},{"taxonomy":"post_tag","embeddable":true,"href":"https:\/\/blog.telenuovo.it\/nino-gazzini\/wp-json\/wp\/v2\/tags?post=388"}],"curies":[{"name":"wp","href":"https:\/\/api.w.org\/{rel}","templated":true}]}}