{"id":448,"date":"2014-09-08T22:14:05","date_gmt":"2014-09-08T20:14:05","guid":{"rendered":"http:\/\/blog.telenuovo.it\/nino-gazzini\/?p=448"},"modified":"2014-09-08T22:14:05","modified_gmt":"2014-09-08T20:14:05","slug":"my-pravda-la-sensation-dimpotenza-y-la-nodvendighed-die-vastustaa","status":"publish","type":"post","link":"https:\/\/blog.telenuovo.it\/nino-gazzini\/2014\/09\/08\/my-pravda-la-sensation-dimpotenza-y-la-nodvendighed-die-vastustaa\/","title":{"rendered":"MY PRAVDA: LA SENSATION D&#8217;IMPOTENZA Y LA NODVENDIGHED DIE VASTUSTAA"},"content":{"rendered":"<p>La mia verit\u00e0: la sensazione d&#8217;impotenza e la necessit\u00e0 di resistere.<br \/>\nFregatevene se in lingua francese il termine &#8220;sensation&#8221; si attribuice ad una percezione fisica.<br \/>\nAggiungeteci &#8220;conscience&#8221; ed allora la sensazione sar\u00e0 sia fisica che mentale.<br \/>\nForse uno dei pochi momenti di vera unit\u00e0 del nostro essere.<br \/>\nUno che, sebbene molti anni fa, ha perso un po&#8217; (poco&#8230;) di tempo con la sociologia e la psicologia, non dovrebbe neanche porsi il problema (si fa per dire).<br \/>\nIl &#8220;sentimento d&#8217;impotenza&#8221; lo studi\u00f2, lo descrisse (benissimo per quei tempi dove Freud spopolava), Eric Fromm, circa ottant&#8217;anni fa, e mi\/ci convinse in molti, hoddhio in molti proprio no, allora c&#8217;erano quelli straconvinti che la Rivoluzione del Popolo e delle Masse fosse come le due famose compresse d&#8217;Aspro: &#8220;&#8230;le prendi eeee&#8230;PASSA TUTTO!&#8221; (questa pubblicit\u00e0 era fissa e martellante al vecchio Bentegodi di Via Battisti e diede subito origine alla facile e celebre battuta (allora): &#8220;&#8230;e se anc\u00f2 ciapemo tr\u00ec p\u00e9tole&#8230;?&#8221;, risposta: &#8220;&#8230;semplice te ciapi du pastiLie de Aspro e te passa tuto&#8230;&#8221;; la controrisposta era invariabilmente &#8220;ma va in cul semo&#8230;&#8221; e tutto finiva l\u00ec, per ripetersi qualche settimana dopo).<br \/>\nDicevo che quella teoria di Fromm fece presa, almeno allora, in modo pi\u00f9 complesso e personale.<br \/>\nE oggi?<br \/>\nBasta sfiorare i quotidiani, basta avere nelle orecchie l&#8217;eco di qualsiasi notizia dal mondo attraverso le TV, basta avere la &#8220;disavventura&#8221; (&#8230;) di ascoltare alcune conversazioni in quei luoghi pubblici, un tempo di puro svago, chiamati bar, per avere due tipi di reazione:<br \/>\na) ma va l\u00e0, sono tutti d&#8217;accordo (?!?) e po&#8217; non me ne frega niente perch\u00e8 io me la caver\u00f2 sempre;<br \/>\nb) a me pare una catastrofe senza fine, dico la verit\u00e0 ho paura, non ci capisco pi\u00f9 niente, tutto mi sembra rovesciato (per\u00f2 non spiega quando la parte, per lui, era &#8220;dritta&#8221;), alla fine perderemo tutti tranne &#8220;loro&#8221; (su quel LORO si potrebbe aprire un Topic da solo).<br \/>\nIn realt\u00e0 anche questi due atteggiamenti che appaiono nettamente contrapposti, in realt\u00e0 convivono nella stessa persona (sempre Fromm che scrive).<br \/>\nE allora?<br \/>\nAllora dimentichiamo, insomma mettiamolo per un attimo l\u00ec l&#8217;ottimo Erich, e VASTUSTAA  fino all&#8217;ultimo respiro.<br \/>\nPu\u00f2 bastare questo &#8220;sciocco&#8221; elemento esortativo?<br \/>\nIo lo uso, in forme svariate, ma lo uso.<\/p>\n<p>p.s.:<br \/>\nsi fa ammenda fin da ora per l&#8217;uso dei dizionari on line.<br \/>\nIn alcuni casi l&#8217;effetto potrebbe risultare involontariamente ridicolo.<br \/>\nMa io non sono &#8220;per caso&#8221; El Gazza, per &#8220;impotenza&#8221; ho usato l&#8217;Italiano, hai visto mai che in altre lingue me la traducevano con quella &#8220;coeundi o copulandi&#8221;.<br \/>\nNon stava bene.<\/p>\n","protected":false},"excerpt":{"rendered":"<p>La mia verit\u00e0: la sensazione d&#8217;impotenza e la necessit\u00e0 di resistere. Fregatevene se in lingua francese il termine &#8220;sensation&#8221; si attribuice ad una percezione fisica. Aggiungeteci &#8220;conscience&#8221; ed allora la sensazione sar\u00e0 sia fisica che mentale. Forse uno dei pochi momenti di vera unit\u00e0 del nostro essere. Uno che, sebbene molti anni fa, ha perso&#8230;  <a class=\"excerpt-read-more\" href=\"https:\/\/blog.telenuovo.it\/nino-gazzini\/2014\/09\/08\/my-pravda-la-sensation-dimpotenza-y-la-nodvendighed-die-vastustaa\/\" title=\"Read MY PRAVDA: LA SENSATION D&#8217;IMPOTENZA Y LA NODVENDIGHED DIE VASTUSTAA\">Leggi tutto &raquo;<\/a><\/p>\n","protected":false},"author":8,"featured_media":0,"comment_status":"open","ping_status":"open","sticky":false,"template":"","format":"standard","meta":[],"categories":[1],"tags":[],"_links":{"self":[{"href":"https:\/\/blog.telenuovo.it\/nino-gazzini\/wp-json\/wp\/v2\/posts\/448"}],"collection":[{"href":"https:\/\/blog.telenuovo.it\/nino-gazzini\/wp-json\/wp\/v2\/posts"}],"about":[{"href":"https:\/\/blog.telenuovo.it\/nino-gazzini\/wp-json\/wp\/v2\/types\/post"}],"author":[{"embeddable":true,"href":"https:\/\/blog.telenuovo.it\/nino-gazzini\/wp-json\/wp\/v2\/users\/8"}],"replies":[{"embeddable":true,"href":"https:\/\/blog.telenuovo.it\/nino-gazzini\/wp-json\/wp\/v2\/comments?post=448"}],"version-history":[{"count":1,"href":"https:\/\/blog.telenuovo.it\/nino-gazzini\/wp-json\/wp\/v2\/posts\/448\/revisions"}],"predecessor-version":[{"id":449,"href":"https:\/\/blog.telenuovo.it\/nino-gazzini\/wp-json\/wp\/v2\/posts\/448\/revisions\/449"}],"wp:attachment":[{"href":"https:\/\/blog.telenuovo.it\/nino-gazzini\/wp-json\/wp\/v2\/media?parent=448"}],"wp:term":[{"taxonomy":"category","embeddable":true,"href":"https:\/\/blog.telenuovo.it\/nino-gazzini\/wp-json\/wp\/v2\/categories?post=448"},{"taxonomy":"post_tag","embeddable":true,"href":"https:\/\/blog.telenuovo.it\/nino-gazzini\/wp-json\/wp\/v2\/tags?post=448"}],"curies":[{"name":"wp","href":"https:\/\/api.w.org\/{rel}","templated":true}]}}