{"id":450,"date":"2014-09-23T02:13:16","date_gmt":"2014-09-23T00:13:16","guid":{"rendered":"http:\/\/blog.telenuovo.it\/nino-gazzini\/?p=450"},"modified":"2014-09-23T02:13:16","modified_gmt":"2014-09-23T00:13:16","slug":"ce-lo-anticipo-il-gino-nel-1963-sapore-di-seltz-un-gusto-un-po-amaro-tranquilli-ne-berremo-fuori-e-le-stelleusciremmo-a-rivederle","status":"publish","type":"post","link":"https:\/\/blog.telenuovo.it\/nino-gazzini\/2014\/09\/23\/ce-lo-anticipo-il-gino-nel-1963-sapore-di-seltz-un-gusto-un-po-amaro-tranquilli-ne-berremo-fuori-e-le-stelleusciremmo-a-rivederle\/","title":{"rendered":"CE LO ANTICIPO&#8217; IL GINO NEL 1963: SAPORE DI SELTZ, UN GUSTO UN PO&#8217; AMARO. TRANQUILLI, NE BERREMO FUORI. E LE STELLE?USCIREMMO A RIVEDERLE&#8230;"},"content":{"rendered":"<p>Ci sono alcune licenzione poetiche, me le concedo (Dante e Gino mi perdonino).<br \/>\nDomani capirete, se i pi\u00f9 accorti non l&#8217;hanno gi\u00e0 fatto e vogliono cimentarsi.<\/p>\n<p>L&#8217;ANGOLO DELL&#8217;INCOMPETENTE<br \/>\nE&#8217; una nuova rubrica che parte oggi, che sar\u00e0 ripetuta, e riguarda i Colori Unificanti.<br \/>\nQuello di Sua Maest\u00e0 Rafa Marquez ERA RIGORE!<br \/>\nUn rigore strano, un rigore PILIFERO.<br \/>\nS\u00ec, come un ramo levigato di ebanite sfregato con la lana, Rafa Marquez &#8230;NON TOCCA Peres, ma gli crea sui peli delle gambe un effetto elettrico, e il Bruno Peres, fulminato, ti fa un carpiato che Klaus di Biasi se lo sogna.<br \/>\nNe vedaren delle belle.<br \/>\nAncora.<br \/>\nAspettando il Sa-Violino, che personalmente mi onora solo perch\u00e8 veste la nia maLia e non ha ancora protestato per la panca.<\/p>\n","protected":false},"excerpt":{"rendered":"<p>Ci sono alcune licenzione poetiche, me le concedo (Dante e Gino mi perdonino). Domani capirete, se i pi\u00f9 accorti non l&#8217;hanno gi\u00e0 fatto e vogliono cimentarsi. L&#8217;ANGOLO DELL&#8217;INCOMPETENTE E&#8217; una nuova rubrica che parte oggi, che sar\u00e0 ripetuta, e riguarda i Colori Unificanti. Quello di Sua Maest\u00e0 Rafa Marquez ERA RIGORE! Un rigore strano, un&#8230;  <a class=\"excerpt-read-more\" href=\"https:\/\/blog.telenuovo.it\/nino-gazzini\/2014\/09\/23\/ce-lo-anticipo-il-gino-nel-1963-sapore-di-seltz-un-gusto-un-po-amaro-tranquilli-ne-berremo-fuori-e-le-stelleusciremmo-a-rivederle\/\" title=\"Read CE LO ANTICIPO&#8217; IL GINO NEL 1963: SAPORE DI SELTZ, UN GUSTO UN PO&#8217; AMARO. TRANQUILLI, NE BERREMO FUORI. E LE STELLE?USCIREMMO A RIVEDERLE&#8230;\">Leggi tutto &raquo;<\/a><\/p>\n","protected":false},"author":8,"featured_media":0,"comment_status":"open","ping_status":"open","sticky":false,"template":"","format":"standard","meta":[],"categories":[1],"tags":[],"_links":{"self":[{"href":"https:\/\/blog.telenuovo.it\/nino-gazzini\/wp-json\/wp\/v2\/posts\/450"}],"collection":[{"href":"https:\/\/blog.telenuovo.it\/nino-gazzini\/wp-json\/wp\/v2\/posts"}],"about":[{"href":"https:\/\/blog.telenuovo.it\/nino-gazzini\/wp-json\/wp\/v2\/types\/post"}],"author":[{"embeddable":true,"href":"https:\/\/blog.telenuovo.it\/nino-gazzini\/wp-json\/wp\/v2\/users\/8"}],"replies":[{"embeddable":true,"href":"https:\/\/blog.telenuovo.it\/nino-gazzini\/wp-json\/wp\/v2\/comments?post=450"}],"version-history":[{"count":1,"href":"https:\/\/blog.telenuovo.it\/nino-gazzini\/wp-json\/wp\/v2\/posts\/450\/revisions"}],"predecessor-version":[{"id":451,"href":"https:\/\/blog.telenuovo.it\/nino-gazzini\/wp-json\/wp\/v2\/posts\/450\/revisions\/451"}],"wp:attachment":[{"href":"https:\/\/blog.telenuovo.it\/nino-gazzini\/wp-json\/wp\/v2\/media?parent=450"}],"wp:term":[{"taxonomy":"category","embeddable":true,"href":"https:\/\/blog.telenuovo.it\/nino-gazzini\/wp-json\/wp\/v2\/categories?post=450"},{"taxonomy":"post_tag","embeddable":true,"href":"https:\/\/blog.telenuovo.it\/nino-gazzini\/wp-json\/wp\/v2\/tags?post=450"}],"curies":[{"name":"wp","href":"https:\/\/api.w.org\/{rel}","templated":true}]}}