{"id":478,"date":"2015-03-04T03:06:07","date_gmt":"2015-03-04T02:06:07","guid":{"rendered":"http:\/\/blog.telenuovo.it\/nino-gazzini\/?p=478"},"modified":"2015-03-04T03:06:07","modified_gmt":"2015-03-04T02:06:07","slug":"alice-mi-domanda-ma-una-mamma-puo-essere-una-troika","status":"publish","type":"post","link":"https:\/\/blog.telenuovo.it\/nino-gazzini\/2015\/03\/04\/alice-mi-domanda-ma-una-mamma-puo-essere-una-troika\/","title":{"rendered":"Alice mi domanda: &#8220;Ma una MAMMA pu\u00f2 essere una TROIKA?&#8221;"},"content":{"rendered":"<p>Ovviamente la parola &#8220;troika&#8221; contiene una lettera inesistente nell&#8217;alfabeto della lingue italiana, quello 21su21.<br \/>\nDissimulo lo stupore, non sorrido, ma le chiedo dove mai ha sentito un &#8220;concetto&#8221; del genere.<br \/>\nLa risposta \u00e8 stata: &#8220;a scuola&#8221; (prima media-n.d.g.).<br \/>\n&#8220;Alcuni miei compagni hanno detto che la mamma di XY \u00e8\/fa la troika&#8230;&#8221;.<br \/>\nAlice (nome di fantasia-n.d.g.) tra poco compir\u00e0 12 anni ed \u00e8 di un&#8217;intelligenza acutissima, pari solo alla sua disinvolta naturalezza ed educazione, ma fortunatamente ancora ignara del mondo degli adulti.<br \/>\nPer prendere tempo le chiedo come mai non l&#8217;abbia chiesto a sua madre o a suo padre.<br \/>\n&#8220;Perch\u00e8 ho capito che \u00e8 una brutta parola e temo che si arrabbino, e poi il pap\u00e0 \u00e8 molto affezionato a te, dice che sai un sacco di cose e hai tanta esperienza, anche coi giovani, sebbene tu non abbia avuto figli&#8230;&#8221;.<br \/>\nDentro di me sale un momento di imbarazzo dal momento che uno dei tanti soprannomi che mi sono stati affibbiati, a torto o a ragione non importa, \u00e8 &#8220;Erode&#8221;.<br \/>\nDecido di tagliarla corta e le dico:<br \/>\n1) intanto i tuoi compagni sono un po&#8217; sciocchi e stupidini che ripetono come pappagalli cose di cui non conoscono bene il significato, e lo fanno perch\u00e8 pensano di essere quello che non sono, cio\u00e8 dei &#8220;fichi e adulti&#8221;;<br \/>\n2) S\u00ec, la parola non \u00e8 solo &#8220;brutta&#8221; ma anche molto offensiva;<br \/>\n3) Che lei, Alice, non \u00e8 uno stupido pappagallo e quindi NON ESISTE un contesto nel quale ci sia la necessit\u00e0 di ripeterla;<br \/>\n4) Che si doveva FIDARE di suo padre e di sua madre e riferire a loro la cosa, tranquillamente, perch\u00e8 hanno molta fiducia in lei e le ho garantito che non le succeder\u00e0 proprio nulla di sgradevole,  e che era molto meglio che non lo riferisse lei e non io.<br \/>\nE&#8217; evidente che ho preavvertito i suoi genitori che avrebbero probabilmente ricevuto una domanda del genere, suggerendo di aspettare che fosse Alice a porla, e che se non l&#8217;avesse fatto, la strada per conquistare la sua fiducia era un po&#8217; pi\u00f9 lunga di quanto non si attendessero.<br \/>\nBeninteso che di l\u00ec a qualche settimana avrebbero avuto la possibilit\u00e0 di rivelare, serenamente, quanto avevo detto loro.<br \/>\nQuanto sopra, verit\u00e0 cristallina, modificata lievemente nella forma, denota:<br \/>\na) la nostra, la mia, inadeguatezza a rispondere correttamente a tutte le domande dei bambini;<br \/>\nb) che ho detto delle bugie, non tanto perch\u00e8 io conosca la madre di XY, ma perch\u00e8 nella REALTA&#8217; le cose non stanno cos\u00ec, e chi vuol fare od essere un &#8220;santo&#8221; si accomodi pure.<br \/>\nLe riflessioni che si possono fare sono molteplici, una su tutte:<br \/>\nstiamo perdendo in modo esponenziale il senso e il VERO significato delle parole, delle offese volgari in particolare.<br \/>\nI giustificazionisti ad oltranza diranno che &#8220;dipende dal contesto&#8221; (?) nel quale certe parole offensive si usano del tipo:<br \/>\nin un comizio pubblico, specie &#8220;politico&#8221;, esse diventano &#8220;ruspanti&#8221; (?!), ma guai ad usare le stesse parole in un ambito ristretto, il che mi pare paradossale.<br \/>\nPerfino il Papa &#8220;mena&#8221; (menerebbe) chi offendesse sua madre, e in un colpo solo, con un &#8220;enciclica&#8221; non ufficiale, abolisce il Vangelo secondo Matteo (o Luca?), del &#8220;porgere l&#8217;altra guancia&#8221;.<br \/>\nVa anche detto che Ges\u00f9 (Matteo o Luca), non sapevano che di l\u00ec a quattrocento anni, un po&#8217; scopiazzando, un po&#8217; adeguando (?), un certo Maometto avrebbe &#8220;messo gi\u00f9 le cose&#8221; in maniera assai diversa.<br \/>\nEsiste un limite all&#8217;offesa, personale o collettiva?<br \/>\nMi pare una domanda che dovremmo sempre porci.<br \/>\nDi una sola cosa sono sicuro, che le MADRI sono sempre SANTE, anche quando non lo sanno.<br \/>\nTroike comprese.<br \/>\nUna mia opinione ovviamente.<\/p>\n","protected":false},"excerpt":{"rendered":"<p>Ovviamente la parola &#8220;troika&#8221; contiene una lettera inesistente nell&#8217;alfabeto della lingue italiana, quello 21su21. Dissimulo lo stupore, non sorrido, ma le chiedo dove mai ha sentito un &#8220;concetto&#8221; del genere. La risposta \u00e8 stata: &#8220;a scuola&#8221; (prima media-n.d.g.). &#8220;Alcuni miei compagni hanno detto che la mamma di XY \u00e8\/fa la troika&#8230;&#8221;. Alice (nome di fantasia-n.d.g.)&#8230;  <a class=\"excerpt-read-more\" href=\"https:\/\/blog.telenuovo.it\/nino-gazzini\/2015\/03\/04\/alice-mi-domanda-ma-una-mamma-puo-essere-una-troika\/\" title=\"Read Alice mi domanda: &#8220;Ma una MAMMA pu\u00f2 essere una TROIKA?&#8221;\">Leggi tutto &raquo;<\/a><\/p>\n","protected":false},"author":8,"featured_media":0,"comment_status":"open","ping_status":"open","sticky":false,"template":"","format":"standard","meta":[],"categories":[1],"tags":[],"_links":{"self":[{"href":"https:\/\/blog.telenuovo.it\/nino-gazzini\/wp-json\/wp\/v2\/posts\/478"}],"collection":[{"href":"https:\/\/blog.telenuovo.it\/nino-gazzini\/wp-json\/wp\/v2\/posts"}],"about":[{"href":"https:\/\/blog.telenuovo.it\/nino-gazzini\/wp-json\/wp\/v2\/types\/post"}],"author":[{"embeddable":true,"href":"https:\/\/blog.telenuovo.it\/nino-gazzini\/wp-json\/wp\/v2\/users\/8"}],"replies":[{"embeddable":true,"href":"https:\/\/blog.telenuovo.it\/nino-gazzini\/wp-json\/wp\/v2\/comments?post=478"}],"version-history":[{"count":2,"href":"https:\/\/blog.telenuovo.it\/nino-gazzini\/wp-json\/wp\/v2\/posts\/478\/revisions"}],"predecessor-version":[{"id":1765,"href":"https:\/\/blog.telenuovo.it\/nino-gazzini\/wp-json\/wp\/v2\/posts\/478\/revisions\/1765"}],"wp:attachment":[{"href":"https:\/\/blog.telenuovo.it\/nino-gazzini\/wp-json\/wp\/v2\/media?parent=478"}],"wp:term":[{"taxonomy":"category","embeddable":true,"href":"https:\/\/blog.telenuovo.it\/nino-gazzini\/wp-json\/wp\/v2\/categories?post=478"},{"taxonomy":"post_tag","embeddable":true,"href":"https:\/\/blog.telenuovo.it\/nino-gazzini\/wp-json\/wp\/v2\/tags?post=478"}],"curies":[{"name":"wp","href":"https:\/\/api.w.org\/{rel}","templated":true}]}}