{"id":533,"date":"2015-07-05T20:52:40","date_gmt":"2015-07-05T18:52:40","guid":{"rendered":"http:\/\/blog.telenuovo.it\/nino-gazzini\/?p=533"},"modified":"2015-07-05T20:52:40","modified_gmt":"2015-07-05T18:52:40","slug":"la-maglia-nera-di-malabrocca-e-quella-dellhellas-verona","status":"publish","type":"post","link":"https:\/\/blog.telenuovo.it\/nino-gazzini\/2015\/07\/05\/la-maglia-nera-di-malabrocca-e-quella-dellhellas-verona\/","title":{"rendered":"LA MAGLIA NERA&#8230;di Malabrocca. E quella dell&#8217;HELLAS-VERONA&#8230;"},"content":{"rendered":"<p>Luigi Malabrocca, per la maggior parte di voi, \u00e8 un Signor Nessuno.<br \/>\nMa per i &#8220;suiveurs&#8221; del Ciclismo d&#8217;un tempo che fu, \u00e8 molto noto, al punto tale da divenire per molto tempo un modo di dire popolare: &#8220;&#8230;ma tasi t\u00ec che te s\u00ec come Malabroca&#8230;&#8221; (sempre ultimo).<br \/>\nS\u00ec, proprio cos\u00ec.<br \/>\nPer alcuni anni al Giro d&#8217;Italia esisteva la &#8220;maja nera&#8221; per colui che si classificava  ultimo al Giro (con premio in denaro!).<br \/>\nE il Malabrocca era un volpone ad inventarsi finte forature, molta pip\u00ec da fare, bar sempre pieni -solo per lui- che doveva riempire le borracce per i migliori della squadra, da buon gregario, ed altri svariati trucchi.<br \/>\nAcqua (e pip\u00ec) passata.<\/p>\n<p>Il NERO attuale per una buona masnada di Giallo e Blu (&#8216;azzo c&#8217;entra col nero, ma l&#8217;\u00e8 stesso) \u00e8 rappresentato da una delle due maglie (non ho ancora capito se sar\u00e0 la seconda o la terza).<br \/>\nS\u00ec perch\u00e8 c&#8217;\u00e8 anche quella color &#8220;arioma&#8221; (termine in uso molti anni fa per indicare il colore giallastro delle feci dei neonati con probabile gastroenterite).<br \/>\nComunque sia la MAJA NERA l&#8217;\u00e8 bela!<br \/>\nMa come?!?&#8230; dice &#8220;uno&#8221; con la memoria lunga.<br \/>\nMa se per quell&#8217;altra maglia nera (con assurde righine gialle trasversali) hai piantato un casino della maronna, per il suo significato &#8220;politico&#8221; (&#8230;).<br \/>\nDiciamo che ALLORA avevo le mie &#8220;fonti sicure&#8221; per affermarlo, e il &#8220;taglio&#8221; di un&#8217;intervista del Vighini che suggeriva le risposte al poro Loma, per negare quella &#8220;teoria&#8221;, in realt\u00e0 non fece che darmi maggiore &#8220;conferma&#8221;.<br \/>\nAcqua passata anche quella.<br \/>\nInvece QUESTA MAJA NERA mi piace, che quasi quasi, se non costasse quasi una mia mezza pensione, me la comprerei.<br \/>\nMA COME?!?!?!?&#8230; e il &#8220;dato politico&#8221; dove va a finire?<br \/>\nDove vada a finire non ne ho idea, ma questa:<br \/>\na) senza le righine \u00e8 pi\u00f9 bella;<br \/>\nb) il colore \u00e8 di quelli che &#8220;smagrano&#8221;, lo sanno tutti\/e i\/le non politicizzati\/politicizzatE;<br \/>\nc) per ultimo, ma pi\u00f9 importante, si SPORCA MENO di quella bianco-angelico-british-college.<br \/>\nE per un single quale sono e sar\u00f2, fare le lavatrici, break the balls!<br \/>\nChe mica sono una donna io, che a farle si diverte un casino!<br \/>\nOh, oh, a pian era, almeno le mie &#8220;fonti&#8221; cos\u00ec mi hanno assicurato&#8230;<br \/>\n\ud83d\ude42<\/p>\n<p>p.s.:<br \/>\nquesto \u00e8 il primo Topic che andr\u00e0 avanti.<br \/>\nSiccome stasera ho tempo, lancio un SECONDO TOPIC che andr\u00e0 avanti in parallelo.<br \/>\nE la &#8220;paga&#8221; di Telenuovo l&#8217;\u00e8 SEMPRE QUELA&#8230;<br \/>\n\ud83d\ude41<\/p>\n","protected":false},"excerpt":{"rendered":"<p>Luigi Malabrocca, per la maggior parte di voi, \u00e8 un Signor Nessuno. Ma per i &#8220;suiveurs&#8221; del Ciclismo d&#8217;un tempo che fu, \u00e8 molto noto, al punto tale da divenire per molto tempo un modo di dire popolare: &#8220;&#8230;ma tasi t\u00ec che te s\u00ec come Malabroca&#8230;&#8221; (sempre ultimo). S\u00ec, proprio cos\u00ec. Per alcuni anni al&#8230;  <a class=\"excerpt-read-more\" href=\"https:\/\/blog.telenuovo.it\/nino-gazzini\/2015\/07\/05\/la-maglia-nera-di-malabrocca-e-quella-dellhellas-verona\/\" title=\"Read LA MAGLIA NERA&#8230;di Malabrocca. E quella dell&#8217;HELLAS-VERONA&#8230;\">Leggi tutto &raquo;<\/a><\/p>\n","protected":false},"author":8,"featured_media":0,"comment_status":"open","ping_status":"open","sticky":false,"template":"","format":"standard","meta":[],"categories":[1],"tags":[],"_links":{"self":[{"href":"https:\/\/blog.telenuovo.it\/nino-gazzini\/wp-json\/wp\/v2\/posts\/533"}],"collection":[{"href":"https:\/\/blog.telenuovo.it\/nino-gazzini\/wp-json\/wp\/v2\/posts"}],"about":[{"href":"https:\/\/blog.telenuovo.it\/nino-gazzini\/wp-json\/wp\/v2\/types\/post"}],"author":[{"embeddable":true,"href":"https:\/\/blog.telenuovo.it\/nino-gazzini\/wp-json\/wp\/v2\/users\/8"}],"replies":[{"embeddable":true,"href":"https:\/\/blog.telenuovo.it\/nino-gazzini\/wp-json\/wp\/v2\/comments?post=533"}],"version-history":[{"count":1,"href":"https:\/\/blog.telenuovo.it\/nino-gazzini\/wp-json\/wp\/v2\/posts\/533\/revisions"}],"predecessor-version":[{"id":536,"href":"https:\/\/blog.telenuovo.it\/nino-gazzini\/wp-json\/wp\/v2\/posts\/533\/revisions\/536"}],"wp:attachment":[{"href":"https:\/\/blog.telenuovo.it\/nino-gazzini\/wp-json\/wp\/v2\/media?parent=533"}],"wp:term":[{"taxonomy":"category","embeddable":true,"href":"https:\/\/blog.telenuovo.it\/nino-gazzini\/wp-json\/wp\/v2\/categories?post=533"},{"taxonomy":"post_tag","embeddable":true,"href":"https:\/\/blog.telenuovo.it\/nino-gazzini\/wp-json\/wp\/v2\/tags?post=533"}],"curies":[{"name":"wp","href":"https:\/\/api.w.org\/{rel}","templated":true}]}}