{"id":545,"date":"2015-07-31T00:54:57","date_gmt":"2015-07-30T22:54:57","guid":{"rendered":"http:\/\/blog.telenuovo.it\/nino-gazzini\/?p=545"},"modified":"2015-07-31T00:54:57","modified_gmt":"2015-07-30T22:54:57","slug":"verso-la-meta-del-secolo-vivremo-centanni-ah-si-e-chi-se-ne-frega","status":"publish","type":"post","link":"https:\/\/blog.telenuovo.it\/nino-gazzini\/2015\/07\/31\/verso-la-meta-del-secolo-vivremo-centanni-ah-si-e-chi-se-ne-frega\/","title":{"rendered":"VERSO LA META&#8217; DEL SECOLO VIVREMO CENT&#8217;ANNI. AH SI&#8217;? E CHI SE NE FREGA&#8230;"},"content":{"rendered":"<p>Ho letto di sfuggita, non ricordo dove, che tra non molto vivremo 100cento100 anni.<br \/>\nRicordo solo che il primo pensiero che ho fatto \u00e8 stato: e allora?<br \/>\nPoi ci ho pensato un po&#8217; sopra e mi sono domandato che cosa NEI FATTI QUOTIDIANI cambierebbe.<br \/>\nNon sono un &#8220;duro&#8221;, e nemmeno tra quelli che un giorno da leone era meglio di cent&#8217;anni da pecora (anche se non \u00e8 una sciocchezza).<br \/>\nEd ho cominciato a farmi le domande pi\u00f9 banali che mi venivano in mente, tipo:<br \/>\na) faccio gi\u00e0 fatica a salire i gradoni del Bentegodi e spesso, anche un po&#8217; per celia, sono costretto a chiedere un aiuto: &#8220;atenti che riva el nono, no feme cascar&#8230;&#8221;.<br \/>\nVuol dire che mi toccher\u00e0 vedere il Verona seduto in tv o entrare un&#8217;ora prima allo stadio per salire con un po&#8217;meno d&#8217;affanno le scale?<br \/>\nNo grazie!<br \/>\nb) mi piace molto giocare a tennis e ho cominciato a notare con fastidio che quando gioco con qualche bravo giovanotto, questi evita accuratamente di farmi le &#8220;smorzate&#8221; (palle corte) per un&#8217; insopportabile, educata, forma di rispetto, nel senso che non arrivo pi\u00f9 a prenderle come avveniva SOLO una DECINA D&#8217;ANNI FA.<br \/>\nNo grazie!<br \/>\nc) sono stato un discreto ciclista, specie in salita. Adesso mi capita che quando faccio qualche uscita con dei trenta-quarantenni, per una buona mezz&#8217;ora si sta insieme, anche quando la strada comincia a salire, poi ad un tratto ecco la MALEDETTA: &#8220;&#8230;Gazza ti dispiace se facciamo uno &#8220;scattino&#8221;&#8230; e poi me li ritrovo che in discesa ciondolano a pedali fermi per aspettarmi&#8221;.<br \/>\nNo grazie!<br \/>\nFino a questo punto il differenziale insopportabile (per me) appartiene alla fisicit\u00e0.<br \/>\nPoi ti dicono che nella vita c&#8217;\u00e8 ALTRO.<br \/>\nAh si la mente, l&#8217;intelletto.<br \/>\nBene anche qui comincia a capitarmi che quando cazzeggio con qualche ragazzotto sveglio, con la met\u00e0 dei miei anni e, probabilmente, anche la met\u00e0 della mia &#8220;conoscenza&#8221;, mi trovo in ritardo su quello che \u00e8 sempre stato un mio punto forte: la battuta e la ribattuta ironica e tagliente. Spesso mi occorre tempo per trovarne una adatta e talora mi viene in mente, magari bellissima, quando il discorso ha preso altre vie e sarebbe totalmente ridicolo ritornare indietro per dirla.<br \/>\nOltre al ridicolo ci andrebbe di mezzo l&#8217;insopportabile PATETICO.<br \/>\nTralascio altri importanti temi come l&#8217;aggravamento di bilancio per lo stato e connessi.<br \/>\nCerto esiste il diritto dovere di curare le malattie invalidanti o mortali, e qui il &#8220;discorso&#8221; si fa piuttosto complesso, e io glisso.<br \/>\nLa chiudo cos\u00ec, cercando di usare il massimo cosciente d&#8217;onest\u00e0:<br \/>\nho vissuto, con soddisfazione, gi\u00e0 una settantina d&#8217;anni.<br \/>\nDiciamo che me ne mancano CIRCA (?!) una dozzina per rivedere certi luoghi, musei, chiese, monumenti, di cui a suo tempo non ho ben compreso la loro importanza per un puro deficit intelettuale.<br \/>\nTutto qui.<br \/>\nAmen.<\/p>\n<p>p.s.:<br \/>\nDel sesso non ho parlato volutamente perch\u00e8 di &#8220;giochini&#8221; divertenti, partner consenziente ovviamente, ne posso fare anche oltre i cento.<br \/>\nAnni.<br \/>\n\ud83d\ude42<\/p>\n","protected":false},"excerpt":{"rendered":"<p>Ho letto di sfuggita, non ricordo dove, che tra non molto vivremo 100cento100 anni. Ricordo solo che il primo pensiero che ho fatto \u00e8 stato: e allora? Poi ci ho pensato un po&#8217; sopra e mi sono domandato che cosa NEI FATTI QUOTIDIANI cambierebbe. Non sono un &#8220;duro&#8221;, e nemmeno tra quelli che un giorno&#8230;  <a class=\"excerpt-read-more\" href=\"https:\/\/blog.telenuovo.it\/nino-gazzini\/2015\/07\/31\/verso-la-meta-del-secolo-vivremo-centanni-ah-si-e-chi-se-ne-frega\/\" title=\"Read VERSO LA META&#8217; DEL SECOLO VIVREMO CENT&#8217;ANNI. AH SI&#8217;? E CHI SE NE FREGA&#8230;\">Leggi tutto &raquo;<\/a><\/p>\n","protected":false},"author":8,"featured_media":0,"comment_status":"open","ping_status":"open","sticky":false,"template":"","format":"standard","meta":[],"categories":[1],"tags":[],"_links":{"self":[{"href":"https:\/\/blog.telenuovo.it\/nino-gazzini\/wp-json\/wp\/v2\/posts\/545"}],"collection":[{"href":"https:\/\/blog.telenuovo.it\/nino-gazzini\/wp-json\/wp\/v2\/posts"}],"about":[{"href":"https:\/\/blog.telenuovo.it\/nino-gazzini\/wp-json\/wp\/v2\/types\/post"}],"author":[{"embeddable":true,"href":"https:\/\/blog.telenuovo.it\/nino-gazzini\/wp-json\/wp\/v2\/users\/8"}],"replies":[{"embeddable":true,"href":"https:\/\/blog.telenuovo.it\/nino-gazzini\/wp-json\/wp\/v2\/comments?post=545"}],"version-history":[{"count":2,"href":"https:\/\/blog.telenuovo.it\/nino-gazzini\/wp-json\/wp\/v2\/posts\/545\/revisions"}],"predecessor-version":[{"id":1764,"href":"https:\/\/blog.telenuovo.it\/nino-gazzini\/wp-json\/wp\/v2\/posts\/545\/revisions\/1764"}],"wp:attachment":[{"href":"https:\/\/blog.telenuovo.it\/nino-gazzini\/wp-json\/wp\/v2\/media?parent=545"}],"wp:term":[{"taxonomy":"category","embeddable":true,"href":"https:\/\/blog.telenuovo.it\/nino-gazzini\/wp-json\/wp\/v2\/categories?post=545"},{"taxonomy":"post_tag","embeddable":true,"href":"https:\/\/blog.telenuovo.it\/nino-gazzini\/wp-json\/wp\/v2\/tags?post=545"}],"curies":[{"name":"wp","href":"https:\/\/api.w.org\/{rel}","templated":true}]}}