{"id":640,"date":"2016-01-05T04:36:48","date_gmt":"2016-01-05T03:36:48","guid":{"rendered":"http:\/\/blog.telenuovo.it\/nino-gazzini\/?p=640"},"modified":"2016-01-05T04:36:48","modified_gmt":"2016-01-05T03:36:48","slug":"tristi-troppici","status":"publish","type":"post","link":"https:\/\/blog.telenuovo.it\/nino-gazzini\/2016\/01\/05\/tristi-troppici\/","title":{"rendered":"Tristi TroPPici"},"content":{"rendered":"<p>Claude L\u00e9vi Strauss, uno dei pi\u00f9 grandi antropologi del XX\u00b0 Secolo, spero mi perdoner\u00e0 per la storpiatura di uno dei suoi libri pi\u00f9 famosi.<br \/>\nChi lo volesse, lo posso prestare, ma lo sconsiglio a chi non avesse una vera passione per a materia, ma la solita benemerita Wikipedia baster\u00e0 a farsi un&#8217;idea.<br \/>\nAdempiuto il dovere &#8220;politicamente corretto&#8221;, passiamo al resto.<br \/>\nNella guerra tra politicamente corretti e scorretti, io Nino Gazza Gazzini mi sono sempre trovato coi primi, e mi ci trovo pure adesso, ma con non poche &#8220;angosce&#8221;.<br \/>\nIl &#8220;troppo stroppia (ingolfa)&#8221;, quando non cade nel ridicolo involontario, vale per tutti.<br \/>\nDi per s\u00e8 poco mi fregherebbe che la sindachessa di Madrid abbia deciso che i tre Re Magi saranno interpretati da donne nella festa del suo paese.<br \/>\nGi\u00e0 \u00e8 difficile interpretare la veridicit\u00e0 di quell&#8217;evento, per non parlare d&#8217;altri, ma qui siamo ala falsificazione della &#8220;storia&#8221; (virgolette d&#8217;obbligo).<br \/>\nBasta una nozione superficiale, la mia, per sapere che SE, e dico SE, quei tre re magi sono esistiti erano inequivocabilmente uomini.<br \/>\nLo sa anche la sindachessa di Madrid, ma lei forza la storia per un astruso omaggio alla &#8220;parit\u00e0&#8221; sfiorando, centrando, il ridicolo.<br \/>\nIl &#8220;politicamente corretto&#8221; \u00e8 uno strumento comunicativo GIUSTO, ma da maneggiare con cura.<br \/>\nAssieme a questo leggo che in alcune Universit\u00e0 americane (no dico Universit\u00e0 dove il confronto di idee diverse \u00e8 il pane e il sale del sapere&#8230;) si vorrebbe mettere all&#8217;indice il Cap.Achab del Moby Dick  per la crudele pervicacia nella caccia alla balena bianca, sua ossessione metaforica e altri straordinari testi perch\u00e8 &#8220;scorretti&#8221;.<br \/>\nNo cos\u00ec non va, e il casino culturale ha gi\u00e0 sfondato le porte.<br \/>\nQuando toccher\u00e0 a C\u00e8line, &#8220;scorretto&#8221; e di destra, e al suo &#8220;Viaggio al Termine della notte&#8221;?<br \/>\nE&#8217;  confusa, foriera di sicura nevrosi depressiva, la cruenta guerra dei pasdar\u00e0n delle due fazioni: deprecabili, specie in politica, gli &#8220;scorretti&#8221;, incoscienti , involontari autori di un &#8220;boomerang sicuro&#8221; quelli della fazione &#8220;corretta&#8221;.<br \/>\nNon ho un&#8217;idea intermedia perch\u00e8 se pronuncio il termine &#8220;buonsenso&#8221;, so di usare un termine ormai  quasi incomprensibile.<br \/>\nS\u00ec, sono ancora un umano 1.0.<br \/>\nSono appassionato di cinema e uno dei miei attori preferiti \u00e8 stato Robert Mitchum.<br \/>\nUn attore dichiaratamente razzista al punto da rifiutare la parte in &#8220;La Parete di Fango&#8221; per non recitare col nero Sidney Poitier.<br \/>\nNon ho smesso di guardare i suoi film, anzi ne ho visto una decina negli ultimi mesi.<br \/>\nSe fosse stato in lista per qualche carica civica o politica non lo avrei votato.<br \/>\nSTOP.<br \/>\nE la pornostar &#8220;vintage&#8221; Karin Schubert, una professione assai poco schizzinosa, che in oltre ottanta film si \u00e8 sempre rifiutata di fare &#8220;performances&#8221; con i neri?<br \/>\nSempre saputo, ma ho smesso di &#8220;sbirciare&#8221; i suoi film (termine politicamente corretto) solo quando ha smesso la professione.<br \/>\nTutta la comunicazione del pensiero, specie diverso dal proprio, diverr\u00e0 quasi impossibile e la nuova Torre di Babele \u00e8 gi\u00e0 arrivata al quarto piano.<br \/>\nEstote parati.<br \/>\nBuon proseguimento d&#8217;anno.<\/p>\n<p>POSTILLA<br \/>\nIncuriosito dal suo successo commerciale, ho visionato &#8220;Quo Vado&#8221; di Checco Zalone.<br \/>\nUna &#8220;summa&#8221; ironica, riuscita nella gran parte, non tutta, tra &#8220;scorretti&#8221; e &#8220;corretti&#8221;.<br \/>\nDove voglia collocarsi Zalone \u00e8 chiaro, ma non importante.<br \/>\nFatevi un&#8217;idea, soltanto un&#8217;idea, ma vostra perDio.<\/p>\n","protected":false},"excerpt":{"rendered":"<p>Claude L\u00e9vi Strauss, uno dei pi\u00f9 grandi antropologi del XX\u00b0 Secolo, spero mi perdoner\u00e0 per la storpiatura di uno dei suoi libri pi\u00f9 famosi. Chi lo volesse, lo posso prestare, ma lo sconsiglio a chi non avesse una vera passione per a materia, ma la solita benemerita Wikipedia baster\u00e0 a farsi un&#8217;idea. Adempiuto il dovere&#8230;  <a class=\"excerpt-read-more\" href=\"https:\/\/blog.telenuovo.it\/nino-gazzini\/2016\/01\/05\/tristi-troppici\/\" title=\"Read Tristi TroPPici\">Leggi tutto &raquo;<\/a><\/p>\n","protected":false},"author":8,"featured_media":0,"comment_status":"open","ping_status":"open","sticky":false,"template":"","format":"standard","meta":[],"categories":[1],"tags":[],"_links":{"self":[{"href":"https:\/\/blog.telenuovo.it\/nino-gazzini\/wp-json\/wp\/v2\/posts\/640"}],"collection":[{"href":"https:\/\/blog.telenuovo.it\/nino-gazzini\/wp-json\/wp\/v2\/posts"}],"about":[{"href":"https:\/\/blog.telenuovo.it\/nino-gazzini\/wp-json\/wp\/v2\/types\/post"}],"author":[{"embeddable":true,"href":"https:\/\/blog.telenuovo.it\/nino-gazzini\/wp-json\/wp\/v2\/users\/8"}],"replies":[{"embeddable":true,"href":"https:\/\/blog.telenuovo.it\/nino-gazzini\/wp-json\/wp\/v2\/comments?post=640"}],"version-history":[{"count":1,"href":"https:\/\/blog.telenuovo.it\/nino-gazzini\/wp-json\/wp\/v2\/posts\/640\/revisions"}],"predecessor-version":[{"id":643,"href":"https:\/\/blog.telenuovo.it\/nino-gazzini\/wp-json\/wp\/v2\/posts\/640\/revisions\/643"}],"wp:attachment":[{"href":"https:\/\/blog.telenuovo.it\/nino-gazzini\/wp-json\/wp\/v2\/media?parent=640"}],"wp:term":[{"taxonomy":"category","embeddable":true,"href":"https:\/\/blog.telenuovo.it\/nino-gazzini\/wp-json\/wp\/v2\/categories?post=640"},{"taxonomy":"post_tag","embeddable":true,"href":"https:\/\/blog.telenuovo.it\/nino-gazzini\/wp-json\/wp\/v2\/tags?post=640"}],"curies":[{"name":"wp","href":"https:\/\/api.w.org\/{rel}","templated":true}]}}