{"id":658,"date":"2016-02-09T02:34:27","date_gmt":"2016-02-09T01:34:27","guid":{"rendered":"http:\/\/blog.telenuovo.it\/nino-gazzini\/?p=658"},"modified":"2016-02-09T02:34:27","modified_gmt":"2016-02-09T01:34:27","slug":"marco-porcio-catone-detto-il-tonsore","status":"publish","type":"post","link":"https:\/\/blog.telenuovo.it\/nino-gazzini\/2016\/02\/09\/marco-porcio-catone-detto-il-tonsore\/","title":{"rendered":"Marco Porcio Cat\u00f2ne detto il TONSORE&#8230;"},"content":{"rendered":"<p>In verit\u00e0 sarebbe il Censore, ma il titolo non \u00e8 poi cos\u00ec astruso.<br \/>\nLa &#8220;tonsura&#8221; \u00e8 l&#8217;azione di tagliare (i capelli), ma mentre nel rito religioso era un atto di elevazione dell&#8217;aspirante chierico, oggi i &#8220;tagli&#8221; hanno altre finalit\u00e0.<br \/>\nMe ne vengono in mente di tre tipi: la censura religiosa, la censura politica e quella sociale (libri, film, informazione).<br \/>\nLa censura politica mi pare gobalmente la pi\u00f9 intollerabile, quella religiosa appartiene ad un mondo a s\u00e8, quella sociale \u00e8 quella che si puo &#8220;combattere&#8221; da cittadini.<br \/>\nIl paradossso \u00e8 che su quella politica, le leggi vigenti hanno poca o nulla influenza (i politici tutti tendono a crearsi una morale parallela a quella che esiste per tutti i cittadini, e se la gestiscono a piacere.<br \/>\nLa legge \u00e8 invece \u00e8 inflessibile, in materia di censura, sui cittadini.<br \/>\nLe cose fortunatamente sono cambiate un bel po&#8217; per un certo  (trentennale) lasso di tempo, ma intuisco una strana voglia di tornare &#8220;ai bei tempi&#8221; nei quali bastava che un cittadino UNO! si sentisse offeso nella SUA morale, faceva una denuncia ed un film veniva ritirato dalle sale (sui libri non ho informazioni).<br \/>\nFatto accaduto:<br \/>\nEra il 1971, passeggiavo sul Liston col compianto Prof. Claudio M., apprezzato insegnante di Greco e Filosofia al Liceo Maffei, l&#8217;uomo, l&#8217;amico, il profe che pi\u00f9 ho stimato e amato nella mia vita.<br \/>\nUn &#8220;maestro&#8221; suo malgrado (si infufava quando glielo dicevano).<br \/>\nAl Cinema Rivoli davano &#8220;I DIAVOLI&#8221; di Ken Russell.<br \/>\nGlielo propongo e lui accetta.<br \/>\nFacciamo i biglietti del primo spettacolo alle 15, entriamo in sala, siamo solo noi due.<br \/>\nPassa un buon quarto d&#8217;ora e il film non parte.<br \/>\nDi l\u00ec a poco arriva la &#8220;maschera&#8221; che con un po&#8217; d&#8217;imbarazzo ci avverte che il film non sar\u00e0 proiettato in quanto \u00e8 stato sequestrato per OLTRAGGIO AL PUDORE E AI SENTIMENTI RELIGIOSI DEI CITTADINI!!??!!<br \/>\nCi siamo guardati allibiti: un Sociologo ed un Filosofo venivano protetti (????) nella loro morale, probabilmente turbabile, dal Sig. Tano Buleghin da Vangadizza (nome di fantasia-n.d.g.)<br \/>\nDovrei invitarvi a cercare la sceneggiatura del film, ma vi semplifico le scene (simboliche) incriminate: ambiente  un convento di suore, qualcuna avverte l&#8217;ASTINENZA della carne (corpo) e in DUE rapide scene si masturba con un crocefisso e (mi pare) con un femore d&#8217;una reliquia.<br \/>\nScena oggettivamente forte, ma oggettivamente pertinente nel dispiegarsi del film.<br \/>\nClaudio era furibondo ed io al seguito, scrivemmo una lettera al magistrato che aveva sequestrato il film (non fummo i soli).<br \/>\nLa cosa avvenne in tutta Italia ed il film fu dissequestrato.<br \/>\nSceneggiatura, pellicola, messaggio filmico ORRORE.<br \/>\nLa pedofilia in ambito religioso, se non arrivava Papa Francesco sarebbe rimasta insabbiata, censurata, ma nel senso che&#8230;NON ESISTEVA.<br \/>\nPer ora la chiudo cos\u00ec: un maggiorenne che ha la facolt\u00e0 di sposarsi e fare figli e figlie, che talora violenta o manda a battere, un maggiorenne che ha la &#8220;facolt\u00e0&#8221; (??) di ammazzare la fidanzata o la moglie o di picchiarla a sangue, pu\u00f2 essere turbato dal film &#8220;I Diavoli&#8221; o da un libro, cretino, come &#8220;50 sfumature di grigio&#8221;?<br \/>\nO \u00e8 altro che lo turba, non lo CENSURA, e indirettamente lo &#8220;autorizza&#8221; all&#8217;abominio?<br \/>\nE per voi cosa pu\u00f2 essere, perch\u00e8 io lo so.<\/p>\n","protected":false},"excerpt":{"rendered":"<p>In verit\u00e0 sarebbe il Censore, ma il titolo non \u00e8 poi cos\u00ec astruso. La &#8220;tonsura&#8221; \u00e8 l&#8217;azione di tagliare (i capelli), ma mentre nel rito religioso era un atto di elevazione dell&#8217;aspirante chierico, oggi i &#8220;tagli&#8221; hanno altre finalit\u00e0. Me ne vengono in mente di tre tipi: la censura religiosa, la censura politica e quella&#8230;  <a class=\"excerpt-read-more\" href=\"https:\/\/blog.telenuovo.it\/nino-gazzini\/2016\/02\/09\/marco-porcio-catone-detto-il-tonsore\/\" title=\"Read Marco Porcio Cat\u00f2ne detto il TONSORE&#8230;\">Leggi tutto &raquo;<\/a><\/p>\n","protected":false},"author":8,"featured_media":0,"comment_status":"open","ping_status":"open","sticky":false,"template":"","format":"standard","meta":[],"categories":[1],"tags":[],"_links":{"self":[{"href":"https:\/\/blog.telenuovo.it\/nino-gazzini\/wp-json\/wp\/v2\/posts\/658"}],"collection":[{"href":"https:\/\/blog.telenuovo.it\/nino-gazzini\/wp-json\/wp\/v2\/posts"}],"about":[{"href":"https:\/\/blog.telenuovo.it\/nino-gazzini\/wp-json\/wp\/v2\/types\/post"}],"author":[{"embeddable":true,"href":"https:\/\/blog.telenuovo.it\/nino-gazzini\/wp-json\/wp\/v2\/users\/8"}],"replies":[{"embeddable":true,"href":"https:\/\/blog.telenuovo.it\/nino-gazzini\/wp-json\/wp\/v2\/comments?post=658"}],"version-history":[{"count":1,"href":"https:\/\/blog.telenuovo.it\/nino-gazzini\/wp-json\/wp\/v2\/posts\/658\/revisions"}],"predecessor-version":[{"id":661,"href":"https:\/\/blog.telenuovo.it\/nino-gazzini\/wp-json\/wp\/v2\/posts\/658\/revisions\/661"}],"wp:attachment":[{"href":"https:\/\/blog.telenuovo.it\/nino-gazzini\/wp-json\/wp\/v2\/media?parent=658"}],"wp:term":[{"taxonomy":"category","embeddable":true,"href":"https:\/\/blog.telenuovo.it\/nino-gazzini\/wp-json\/wp\/v2\/categories?post=658"},{"taxonomy":"post_tag","embeddable":true,"href":"https:\/\/blog.telenuovo.it\/nino-gazzini\/wp-json\/wp\/v2\/tags?post=658"}],"curies":[{"name":"wp","href":"https:\/\/api.w.org\/{rel}","templated":true}]}}