{"id":777,"date":"2016-07-21T21:22:04","date_gmt":"2016-07-21T19:22:04","guid":{"rendered":"http:\/\/blog.telenuovo.it\/nino-gazzini\/?p=777"},"modified":"2016-07-21T21:22:04","modified_gmt":"2016-07-21T19:22:04","slug":"damnatio-memoriae","status":"publish","type":"post","link":"https:\/\/blog.telenuovo.it\/nino-gazzini\/2016\/07\/21\/damnatio-memoriae\/","title":{"rendered":"DAMNATIO MEMORIAE"},"content":{"rendered":"<p>Da non intendersi alla Latina di Roma Antica, dove venivano cancellati per sempre gli atti, gli scritti e quant&#8217;altro delle &#8220;celebrit\u00e0&#8221; dichiarate indegne.<br \/>\nNo, l&#8217;ho solo presa in prestito per fare l&#8217;erudito di mezza vigogna o bigogna (se qualche under &#8217;50 sapesse il significato di queste ultime due parole, sarebbe un cliente onorato-n.d.g).<br \/>\nTorniamo indietro.<br \/>\nUtilizzo alcune lontanissime reminiscenze di studio per ricordare che Sigismondo Freud fu il primo a teorizzare il principio della RIMOZIONE CEREBRALE, cio\u00e8 portare uno sgradevole evento dalla coscienza vigile all&#8217;inconscio.<br \/>\nSenza quel meccanismo NESSUN essere pensante potrebbe vivere sanamente a lungo, tale \u00e8 la pesantezza del vivere quotidiano.<br \/>\nPer inciso e per i vecchi lettori affezionati, che si ricordassero uno dei primi Topic, quella di Freud fu una &#8220;serendipity-serendipit\u00e0&#8221; (vedi wiki), perch\u00e8 lui stava studiando L&#8217;ISTERIA e si imbatt\u00e8 in quel fenomeno, fondamentale come pochi altri per lo studio della psiche.<br \/>\nPreciso: bisogna avere un cranio grosso e adeguato per imbattersi in una &#8220;serendipit\u00e0&#8221; di quel genere, non \u00e8 pura casualit\u00e0 insomma.<br \/>\nTuttavia, come una sorta di animali cerebro-ruminanti, nel corso del tempo, nei sogni, o nei momenti dove ci sentiamo &#8220;forti e pronti&#8221;, possiamo eseguire la contro-RIMOZIONE, sperando in una sana metabolizzazione degli eventi personali o esogeni (che vengono da fuori) che ci hanno a suo tempo turbato duramente.<br \/>\nFine del &#8220;bignamino&#8221; freudiano (impreciso &#8216;na cifra, ma tant&#8217;\u00e8).<br \/>\nEcco, io, dico io, purtroppo, sono invece un DANNATO DELLA MEMORIA, ricordo con piena lucidit\u00e0 (che viene sempre un po&#8217; &#8220;aggiustata&#8221;) tutti gli eventi negativi, sia direttamente personali, sia quelli politici e sociali esterni.<br \/>\nDimentico facilmente solo piccole e medie trogliatine, tipo nomi associati ad un viso e gi\u00f9 di l\u00ec.<br \/>\nSi tratta di una &#8220;Dannazione&#8221; recente, diciamo da dieci anni a questa parte, e pesa.<br \/>\nCazzo se pesa.<br \/>\nAlla domanda che mi rivolse un amico, uno dei pi\u00f9 noti psicanalisti di Verona, durante una cena fu: &#8220;&#8230;ma tu vorresti dimenticarli?&#8221;<br \/>\nLa risposta subitanea fu un NO chiaro e cosciente (come tutti i psicanalisti non batt\u00e8 ciglio, mai capito se questa sia una tecnica che insegnano loro).<br \/>\nQuesto Topic \u00e8 in parte collegato al precedente.<\/p>\n<p>P.S.:<br \/>\nPer coloro che qui gentilmente frequentano, vorrei precisare che, in compagnia, sono mica un musone schiacciato dai ricordi e dal peso del mondo come un Atlante ricurvo: sono anche spiritoso, chiaccherone, talora un po&#8217; cazzone (raro&#8230;), curioso di novit\u00e0 o di cose che mi sono sfuggite ed altri commensali invece conoscono, e cos\u00ec via.<br \/>\nMa resto pur sempre un &#8220;dannato della memoria&#8221; (escluso QUALSIASI evento calcistico, Scudetto compreso  &#8211; ma quest&#8217;ultimo \u00e8 uno scherzo &#8211; perch\u00e8 non sapevo come concludere).<br \/>\n\ud83d\ude42<\/p>\n","protected":false},"excerpt":{"rendered":"<p>Da non intendersi alla Latina di Roma Antica, dove venivano cancellati per sempre gli atti, gli scritti e quant&#8217;altro delle &#8220;celebrit\u00e0&#8221; dichiarate indegne. No, l&#8217;ho solo presa in prestito per fare l&#8217;erudito di mezza vigogna o bigogna (se qualche under &#8217;50 sapesse il significato di queste ultime due parole, sarebbe un cliente onorato-n.d.g). Torniamo indietro&#8230;.  <a class=\"excerpt-read-more\" href=\"https:\/\/blog.telenuovo.it\/nino-gazzini\/2016\/07\/21\/damnatio-memoriae\/\" title=\"Read DAMNATIO MEMORIAE\">Leggi tutto &raquo;<\/a><\/p>\n","protected":false},"author":8,"featured_media":0,"comment_status":"open","ping_status":"open","sticky":false,"template":"","format":"standard","meta":[],"categories":[1],"tags":[],"_links":{"self":[{"href":"https:\/\/blog.telenuovo.it\/nino-gazzini\/wp-json\/wp\/v2\/posts\/777"}],"collection":[{"href":"https:\/\/blog.telenuovo.it\/nino-gazzini\/wp-json\/wp\/v2\/posts"}],"about":[{"href":"https:\/\/blog.telenuovo.it\/nino-gazzini\/wp-json\/wp\/v2\/types\/post"}],"author":[{"embeddable":true,"href":"https:\/\/blog.telenuovo.it\/nino-gazzini\/wp-json\/wp\/v2\/users\/8"}],"replies":[{"embeddable":true,"href":"https:\/\/blog.telenuovo.it\/nino-gazzini\/wp-json\/wp\/v2\/comments?post=777"}],"version-history":[{"count":1,"href":"https:\/\/blog.telenuovo.it\/nino-gazzini\/wp-json\/wp\/v2\/posts\/777\/revisions"}],"predecessor-version":[{"id":780,"href":"https:\/\/blog.telenuovo.it\/nino-gazzini\/wp-json\/wp\/v2\/posts\/777\/revisions\/780"}],"wp:attachment":[{"href":"https:\/\/blog.telenuovo.it\/nino-gazzini\/wp-json\/wp\/v2\/media?parent=777"}],"wp:term":[{"taxonomy":"category","embeddable":true,"href":"https:\/\/blog.telenuovo.it\/nino-gazzini\/wp-json\/wp\/v2\/categories?post=777"},{"taxonomy":"post_tag","embeddable":true,"href":"https:\/\/blog.telenuovo.it\/nino-gazzini\/wp-json\/wp\/v2\/tags?post=777"}],"curies":[{"name":"wp","href":"https:\/\/api.w.org\/{rel}","templated":true}]}}