{"id":852,"date":"2016-10-27T18:18:31","date_gmt":"2016-10-27T16:18:31","guid":{"rendered":"http:\/\/blog.telenuovo.it\/nino-gazzini\/?p=852"},"modified":"2016-10-27T18:18:31","modified_gmt":"2016-10-27T16:18:31","slug":"metete-a-posto","status":"publish","type":"post","link":"https:\/\/blog.telenuovo.it\/nino-gazzini\/2016\/10\/27\/metete-a-posto\/","title":{"rendered":"METETE A POSTO&#8230;"},"content":{"rendered":"<p>Si tratta di un&#8217;espressione molto comune per chi parla il nostro dialetto, ma sia d&#8217;et\u00e0 sopra i 30\/40.<br \/>\nPer quelli d&#8217;et\u00e0 inferiore ci sono altre frasi tipiche, pi\u00f9 specifiche: Guarda che hai qualche problema&#8230; e cos\u00ec via.<br \/>\nEcco, io non sono ancora &#8220;a posto&#8221;, non sono allineato col &#8220;fuso politi-culturale&#8221; nostro, insomma penso ancora in Swahili o in Inglese sui disastri di quel paese, opportunamente occultati ai turisti &#8220;di giro&#8221;.<br \/>\nSiccome sono &#8220;ancora l\u00e0&#8221; posso solo fotografare (termine che non implica un giudizio profondo) una scena: io e N. stiamo facendo una lunga passeggiata lungo l&#8217;Oceano dove non mi ero mai spinto. E&#8217; la parte di spiaggia &#8220;ricca&#8221; di Mombasa, quella di Nyali Beach, comunque mai bella come quella 20 km. pi\u00f9 a sud, quella di Diani.<br \/>\nC&#8217;\u00e8 solo una coppia nella spiaggia deserta e io comincio a guardarla da lontano.<br \/>\nMan mano che mi avvicino la metto a fuoco: lui un under 30 molto fico, i suoi indumenti ed accessori (anche quelli di lei) lo battezzano inequivocabilmente come&#8221;Italiano&#8221;, infatti lo sono. Lei fisicamente al &#8220;top&#8221; con un viso di un tipo di bellezza che non stanca, naturale.<br \/>\nDi &#8220;innaturale&#8221; c&#8217;\u00e8 che lui, accento di area milanese e grande propriet\u00e0 di linguaggio, le si rivolge con delle corte domande o frasi ricevendone cenni col capo, ma MAI una vera parola.<br \/>\nFanno il mio stesso -lungo- volo di ritorno una settimana dopo, sono in business class, ma io sono nella primafila subito dopo e li vedo, uguale atteggiamento.<br \/>\nAll&#8217;aereoporto Ataturk di Istanbul, attesa di cinque ore per la coincidenza, li ho di fronte:stessa sinfonia silente.<br \/>\nAnche quando &#8220;lui&#8221; riceve una telefonata dall&#8217;Italia risponde con un &#8220;ciao pap\u00e0&#8230; mi raccomando segui i preparativi della mostra con&#8230; ne verr\u00e0 fuori un gran evento&#8230;&#8221;.<br \/>\nTornato da lei prova a coinvolgerla senza enfasi, ma le risposte sono le stesse: cenni del capo, un s\u00ec, un forse e un non lo so.<br \/>\nCi mancava solo che lei ripetesse l&#8217;immortalebattuta di Monica Vitti ne Il Deserto Rosso: &#8220;Mi fanno male i capelli&#8221; per farmi concludere che Michelangelo Antonioni e la sua inimitabile rappresentazione dell&#8217;incomunicabilit\u00e0 VIVE.<br \/>\nPer quanto mi riguarda, pur essendo al sesto giorno CONSECUTIVO senza chiudere occhio (il limite &#8220;mortale&#8221; o produttore di gravi scompensi \u00e8 di 8\/10 giorni-n.d.g.), ho fatto un&#8217;interessante conversazione, da Istanbul a Milano con Eric, un olandese che vive da 25 anni in italia, sposato con una cinese e una figlia di 19.<br \/>\nMi racconta che a 30 anni aveva un buon lavoro, tuttavia viene chiamato per un colloquio da una delle pi\u00f9 importanti aziende chimiche del mondo.<br \/>\nIl colloqui va bene, ma al momento in cui Eric chiede quale sarebbe stata la sua area di attivit\u00e0, la risposta fu &#8220;PAKISTAN!&#8230; poi vedremo&#8221;.<br \/>\nAccett\u00f2 perch\u00e8 aveva intravisto, col suo metodo di lavoro, &#8221; buone prospettive di espansione e cos\u00ec \u00e8 stato.<br \/>\nAah i Neederlands, colonialisti non pi\u00f9 teneri di altri, li ho frequentati per lunghi periodi ed ho lavorato per loro, se si esclude Amsterdam (anche loro non la considerano Olanda), hanno intatto il mito del lavoro, del commercio e del capitale.<br \/>\nIo ho ricordato ad Eric che gli Olandesi sono gli &#8220;inventori&#8221; della prima  BOLLA SPECULATIVA, quella del bulbo di tulipano che arriv\u00f2 ad essere equivalente alla &#8220;moneta&#8221;.<br \/>\nEric, abbassando la voce mi ha risposto: &#8220;&#8230;shhh, siamo in Turchia e adesso ci stanno provando loro (il tulipano \u00e8 un fiore turco-n.d.g.), noi prendemmo la prima e ultima severissima lezione, ma dagli errori impariamo&#8221;.<br \/>\nPoi ci sarebbe&#8230;<\/p>\n","protected":false},"excerpt":{"rendered":"<p>Si tratta di un&#8217;espressione molto comune per chi parla il nostro dialetto, ma sia d&#8217;et\u00e0 sopra i 30\/40. Per quelli d&#8217;et\u00e0 inferiore ci sono altre frasi tipiche, pi\u00f9 specifiche: Guarda che hai qualche problema&#8230; e cos\u00ec via. Ecco, io non sono ancora &#8220;a posto&#8221;, non sono allineato col &#8220;fuso politi-culturale&#8221; nostro, insomma penso ancora in&#8230;  <a class=\"excerpt-read-more\" href=\"https:\/\/blog.telenuovo.it\/nino-gazzini\/2016\/10\/27\/metete-a-posto\/\" title=\"Read METETE A POSTO&#8230;\">Leggi tutto &raquo;<\/a><\/p>\n","protected":false},"author":8,"featured_media":0,"comment_status":"open","ping_status":"open","sticky":false,"template":"","format":"standard","meta":[],"categories":[1],"tags":[],"_links":{"self":[{"href":"https:\/\/blog.telenuovo.it\/nino-gazzini\/wp-json\/wp\/v2\/posts\/852"}],"collection":[{"href":"https:\/\/blog.telenuovo.it\/nino-gazzini\/wp-json\/wp\/v2\/posts"}],"about":[{"href":"https:\/\/blog.telenuovo.it\/nino-gazzini\/wp-json\/wp\/v2\/types\/post"}],"author":[{"embeddable":true,"href":"https:\/\/blog.telenuovo.it\/nino-gazzini\/wp-json\/wp\/v2\/users\/8"}],"replies":[{"embeddable":true,"href":"https:\/\/blog.telenuovo.it\/nino-gazzini\/wp-json\/wp\/v2\/comments?post=852"}],"version-history":[{"count":1,"href":"https:\/\/blog.telenuovo.it\/nino-gazzini\/wp-json\/wp\/v2\/posts\/852\/revisions"}],"predecessor-version":[{"id":855,"href":"https:\/\/blog.telenuovo.it\/nino-gazzini\/wp-json\/wp\/v2\/posts\/852\/revisions\/855"}],"wp:attachment":[{"href":"https:\/\/blog.telenuovo.it\/nino-gazzini\/wp-json\/wp\/v2\/media?parent=852"}],"wp:term":[{"taxonomy":"category","embeddable":true,"href":"https:\/\/blog.telenuovo.it\/nino-gazzini\/wp-json\/wp\/v2\/categories?post=852"},{"taxonomy":"post_tag","embeddable":true,"href":"https:\/\/blog.telenuovo.it\/nino-gazzini\/wp-json\/wp\/v2\/tags?post=852"}],"curies":[{"name":"wp","href":"https:\/\/api.w.org\/{rel}","templated":true}]}}