{"id":948,"date":"2017-03-08T03:26:55","date_gmt":"2017-03-08T02:26:55","guid":{"rendered":"http:\/\/blog.telenuovo.it\/nino-gazzini\/?p=948"},"modified":"2017-03-08T03:26:55","modified_gmt":"2017-03-08T02:26:55","slug":"memoria-quando-come-dove-perche","status":"publish","type":"post","link":"https:\/\/blog.telenuovo.it\/nino-gazzini\/2017\/03\/08\/memoria-quando-come-dove-perche\/","title":{"rendered":"MEMORIA? QUANDO? COME? DOVE? PERCHE&#8217;?"},"content":{"rendered":"<p>Se non avessi promesso un nuovo Topic qualche ora fa (che memoria!), e ti si spacca la tapparella della camera da letto ove vive un essere insonne e disturbato anche da un piccolo raggio, ve lo sognavate il Topic.<br \/>\nQuesto non \u00e8 un blog con pretese scientifiche quindi non ho fatto nessuna consultazione: VADO A MEMORIA.<br \/>\nUn mezzo secolo fa all&#8217;universit\u00e0 fu fatta una lezione magistrale sulla memoria che mi colp\u00ec: non mi ricordo un&#8217; hostja..<br \/>\nUn&#8217;amico studioso di alto livello che mi bistratta per le mie pessima abitudini, mi ha detto che non \u00e8 vero: &#8220;tu hai senz&#8217;altro applicato e applichi elementi di quella lezione, solo che non li ricerchi come tali, sono diventati (in parte) cose tue, del tuo cervello.<br \/>\nVorrei lasciar perdere una pedante disamina tecnica sulla cosa e parlare della nostra esperienza.<br \/>\nFatto: mi trovo spesso in una delle stanze della casa e non so perch\u00e8, eppure mi ero alzato con un esigenza, una ricerca che l\u00e0 si trovava.<br \/>\nNisba.<br \/>\nIl giorno dopo, con naturalezza trovo la &#8220;cosa&#8221; e non mi ricordo d&#8217;averla cercata: la gioia di averla trovata cancella la preoccupazione del deficit di memoria.<br \/>\nUn altro aspetto della memoria \u00e8 quello dei TORTI SUBITI o DELLE GRANDI COSE FATTE, qui tendo a ricordare il positivo e a &#8220;perdonare&#8221; qualche robusta infamit\u00e0, gratuita e falsa.<br \/>\nDomanda, che ovviamente varia con l&#8217;et\u00e0 : fino a quando, in termini temporali, arrivano i vostri ricordi.<br \/>\nHo fatto alcuni esperimenti nel corso degli anni:ricordo mio padre allibito quando gli raccontai con particolari specifici quando veniva a farmi piangere, avevo 2\/3 anni, cinquant&#8217;anni prima, descrivendo dove era  posizionata la mia culla e che cosa mi cantava per farmi fare il &#8220;cuciar\u00ecn&#8221;, approccio del pianto di tutti i bambini cha non si fanno male fisicamente ma sentono un dolore &#8220;intimo&#8221;: la filastrocca era &#8220;Vento, veentooo, portami via con te&#8230;&#8221;.<br \/>\nStupefacente, a quell&#8217;et\u00e0 hai l&#8217;ansia del&#8217;abbandono, ma fare a due anni la connessione del vento che pu\u00f2 separarti da tuo padre la trovo incredibile ma vera (confermata da mio padre).<br \/>\nPoi ho fatto esperimenti di gruppo trovandomi casualmente assieme ad amici con cui trent&#8217;anni prima avevamo fatto qualche (modesta) teppisteria.<br \/>\nNessuno ricordava, non dico i particolari in me vivissimi, ma l&#8217;intero evento.<br \/>\nLa memoria professionale era ed \u00e8 tra le pi\u00f9 vivide, specie per gli eventi negativi.<br \/>\nAnche in questo caso i pi\u00f9 stretti collaboratori &#8220;non ricordavano&#8221;.<br \/>\nQuella era paraculaggine perch\u00e8 le responsabilit\u00e0 erano loro, anche se li avevo protetti assumendomi responsabilit\u00e0 che non avevo.<br \/>\nPoi c\u00e8 la memoria &#8220;sessuale&#8221; la pi\u00f9 vivida.<br \/>\nRicordo particolari, tempi, modalit\u00e0 e punizioni dai SEI ANNI a qualche MESE FA (senza punizioni era&#8230;).<br \/>\nSono stato per due mesi in terapia psicologica con un ottimo professionista.<br \/>\nUna terapia &#8220;comportamentale&#8221; poco legata alla memoria.<br \/>\nTuttavia, ad un certo punto il terapeuta mi disse che dal momento che la diagnosi me l&#8217;ero fatta da solo, era meglio interrompere le sedute, da riprendere se ne avessi sentito la necessit\u00e0.<br \/>\nCi siamo rivisti per un paio d&#8217;anni solo sui campi da tennis.<br \/>\nIo vi ho raccontato un&#8217;infinitesima parte delle mie memorie, che mi vedono ad esempio non ricordare nomi di molti giocatori dell&#8217;Hellas, risultati e cos\u00ec via.<br \/>\nC&#8217;\u00e8 qualcuno che vuol parlare dei meccanismi della sua memoria?<\/p>\n<p>P.S.:<br \/>\nPaperinik e Dandy, non dimentico la promessa fattavi per qualche pezzo pregiato di vinile.<br \/>\nIl problema \u00e8 rappresentato dai tempi del vostro lavoro, da dove abitate etc.<br \/>\nLa mia mail UFFICIALE \u00e8 niero47@gmail.com<br \/>\nSe volete che vi apra il Vaso di Pandora vedete voi facendovi sentire se ne avete voglia.<br \/>\nComunico inoltre che NON RISPONDO a tutte le mai che mi arrivano.<br \/>\nScelgo, non abbiatevene a male, chi mi conosce sa che gira cos\u00ec.<br \/>\nHi guys!<\/p>\n","protected":false},"excerpt":{"rendered":"<p>Se non avessi promesso un nuovo Topic qualche ora fa (che memoria!), e ti si spacca la tapparella della camera da letto ove vive un essere insonne e disturbato anche da un piccolo raggio, ve lo sognavate il Topic. Questo non \u00e8 un blog con pretese scientifiche quindi non ho fatto nessuna consultazione: VADO A&#8230;  <a class=\"excerpt-read-more\" href=\"https:\/\/blog.telenuovo.it\/nino-gazzini\/2017\/03\/08\/memoria-quando-come-dove-perche\/\" title=\"Read MEMORIA? QUANDO? COME? DOVE? PERCHE&#8217;?\">Leggi tutto &raquo;<\/a><\/p>\n","protected":false},"author":8,"featured_media":0,"comment_status":"open","ping_status":"open","sticky":false,"template":"","format":"standard","meta":[],"categories":[1],"tags":[],"_links":{"self":[{"href":"https:\/\/blog.telenuovo.it\/nino-gazzini\/wp-json\/wp\/v2\/posts\/948"}],"collection":[{"href":"https:\/\/blog.telenuovo.it\/nino-gazzini\/wp-json\/wp\/v2\/posts"}],"about":[{"href":"https:\/\/blog.telenuovo.it\/nino-gazzini\/wp-json\/wp\/v2\/types\/post"}],"author":[{"embeddable":true,"href":"https:\/\/blog.telenuovo.it\/nino-gazzini\/wp-json\/wp\/v2\/users\/8"}],"replies":[{"embeddable":true,"href":"https:\/\/blog.telenuovo.it\/nino-gazzini\/wp-json\/wp\/v2\/comments?post=948"}],"version-history":[{"count":1,"href":"https:\/\/blog.telenuovo.it\/nino-gazzini\/wp-json\/wp\/v2\/posts\/948\/revisions"}],"predecessor-version":[{"id":951,"href":"https:\/\/blog.telenuovo.it\/nino-gazzini\/wp-json\/wp\/v2\/posts\/948\/revisions\/951"}],"wp:attachment":[{"href":"https:\/\/blog.telenuovo.it\/nino-gazzini\/wp-json\/wp\/v2\/media?parent=948"}],"wp:term":[{"taxonomy":"category","embeddable":true,"href":"https:\/\/blog.telenuovo.it\/nino-gazzini\/wp-json\/wp\/v2\/categories?post=948"},{"taxonomy":"post_tag","embeddable":true,"href":"https:\/\/blog.telenuovo.it\/nino-gazzini\/wp-json\/wp\/v2\/tags?post=948"}],"curies":[{"name":"wp","href":"https:\/\/api.w.org\/{rel}","templated":true}]}}